{"id":1000,"date":"2017-10-02T12:58:39","date_gmt":"2017-10-02T10:58:39","guid":{"rendered":"http:\/\/gruene-lk-ks.de\/baunatal\/?p=1000"},"modified":"2017-10-02T13:08:31","modified_gmt":"2017-10-02T11:08:31","slug":"weltkindertag-zum-50-jaehrigen-bestehen-des-kinderhilfswerks-terre-des-hommes-im-ratio-land","status":"publish","type":"post","link":"http:\/\/gruene-lk-ks.de\/baunatal\/weltkindertag-zum-50-jaehrigen-bestehen-des-kinderhilfswerks-terre-des-hommes-im-ratio-land\/","title":{"rendered":"Weltkindertag zum 50-j\u00e4hrigen Bestehen des Kinderhilfswerks terre des hommes im RATIO-Land"},"content":{"rendered":"<p style=\"text-align: right\">04.10.2017<\/p>\n<p><strong><u>PRESSEMITTEILUNG<\/u><\/strong><strong>\u00a0<\/strong><\/p>\n<p><strong>Weltkindertag zum 50-j\u00e4hrigen Bestehen des Kinderhilfswerks <em>terre des hommes<\/em> im RATIO-Land<\/strong><\/p>\n<div id=\"attachment_1001\" class=\"wp-caption alignleft\" style=\"width: 333px\"><a class=\"fancybox\" rel=\"gallery1000\" href=\"http:\/\/gruene-lk-ks.de\/baunatal\/files\/2017\/10\/IMG_3733.jpg\"><img loading=\"lazy\" class=\"wp-image-1001\" src=\"http:\/\/gruene-lk-ks.de\/baunatal\/files\/2017\/10\/IMG_3733-800x533.jpg\" alt=\"\" width=\"333\" height=\"222\" srcset=\"http:\/\/gruene-lk-ks.de\/baunatal\/files\/2017\/10\/IMG_3733-800x533.jpg 800w, http:\/\/gruene-lk-ks.de\/baunatal\/files\/2017\/10\/IMG_3733-400x267.jpg 400w, http:\/\/gruene-lk-ks.de\/baunatal\/files\/2017\/10\/IMG_3733-768x512.jpg 768w, http:\/\/gruene-lk-ks.de\/baunatal\/files\/2017\/10\/IMG_3733-150x100.jpg 150w\" sizes=\"(max-width: 333px) 100vw, 333px\" \/><\/a><p class=\"wp-caption-text\">Reger Besuch beim Basteln am Stand von terre des hommes<\/p><\/div>\n<p>Der Weltkindertag wurde in Baunatal nicht nur seitens der Stadt an der Waldstation angeboten sondern auch im\u00a0 RATIO-Land von Frau Uschka John, der Regionalbeauftragten von <strong>terre<\/strong> <strong>des hommes. <\/strong>Dabei assistierten auch die <strong>GR\u00dcNEN von Baunatal<\/strong> am Veranstaltungsort beim Basteln von Igel-Fensterbildern und Luftschlangen-Hunden durch Ursula Dittmar nebst Tochter Nadine und Ehemann Arnold, als Vorlesepaten (Ede Borschel) oder beim Verkauf von Tombola-Losen. Geschicklichkeitsspiele, ein Wurfspiel, Inlandfriends-Reiten, und vor allen Dingen die traditionelle Tombola \u201ejedes Los gewinnt\u201c mit tollen Preisen wie die riesengro\u00dfe Diddl-Maus erfreuten nicht nur die vielen Kinder sondern auch deren Eltern. Der daraus resultierende Erl\u00f6s zuz\u00fcglich der Spende des RATIO-Lands hat tats\u00e4chlich die <strong>200.000 \u20ac<\/strong>&#8211;<strong>Marke<\/strong> geknackt nach 26-j\u00e4hriger, ehrenamtlicher T\u00e4tigkeit. Damit sollen weiterhin die Fr\u00fchf\u00f6rderzentren und Lernzentren zur Bildung und Umwelterziehung f\u00fcr Slumkinder in Kolkata\/Indien unterst\u00fctzt werden. Mit dem Slogan \u201eKinder haften f\u00fcr ihre Eltern\u201c setzt sich <strong>terre des hommes <\/strong>nunmehr auch f\u00fcr den Umweltschutz ein.<\/p>\n<div id=\"attachment_1002\" class=\"wp-caption alignright\" style=\"width: 333px\"><a class=\"fancybox\" rel=\"gallery1000\" href=\"http:\/\/gruene-lk-ks.de\/baunatal\/files\/2017\/10\/IMG_3737.jpg\"><img loading=\"lazy\" class=\"wp-image-1002\" src=\"http:\/\/gruene-lk-ks.de\/baunatal\/files\/2017\/10\/IMG_3737-800x533.jpg\" alt=\"\" width=\"333\" height=\"222\" srcset=\"http:\/\/gruene-lk-ks.de\/baunatal\/files\/2017\/10\/IMG_3737-800x533.jpg 800w, http:\/\/gruene-lk-ks.de\/baunatal\/files\/2017\/10\/IMG_3737-400x267.jpg 400w, http:\/\/gruene-lk-ks.de\/baunatal\/files\/2017\/10\/IMG_3737-768x512.jpg 768w, http:\/\/gruene-lk-ks.de\/baunatal\/files\/2017\/10\/IMG_3737-150x100.jpg 150w\" sizes=\"(max-width: 333px) 100vw, 333px\" \/><\/a><p class=\"wp-caption-text\">Die Diddl Maus l\u00e4sst gr\u00fc\u00dfen<\/p><\/div>\n<p>Der Weltkindertag wird in 145 Staaten begangen. Ziel des Tages ist es, auf die Bed\u00fcrfnisse der Kinder aufmerksam zu machen und Themen wie Kinderschutz, Kinderpolitik und vor allem Kinderrechte weltweit in das \u00f6ffentliche Bewusstsein zu r\u00fccken.<\/p>\n<p>F\u00fcr weitere Infos und die Entgegennahme von Spenden steht Uschka John, Baunatal, Tel. 05665-7093, gerne zur Verf\u00fcgung. Spendenkonto\/IBAN DE34 2655 0105 0000 0111 22 Sparkasse Osnabr\u00fcck, www.thd.de<\/p>\n","protected":false},"excerpt":{"rendered":"<p>04.10.2017 PRESSEMITTEILUNG\u00a0 Weltkindertag zum 50-j\u00e4hrigen Bestehen des Kinderhilfswerks terre des hommes im RATIO-Land Der Weltkindertag wurde in Baunatal nicht nur seitens der Stadt an der Waldstation angeboten sondern auch im\u00a0&#8230; <\/p>\n","protected":false},"author":6,"featured_media":1002,"comment_status":"closed","ping_status":"open","sticky":false,"template":"","format":"standard","meta":{"ngg_post_thumbnail":0},"categories":[1],"tags":[],"_links":{"self":[{"href":"http:\/\/gruene-lk-ks.de\/baunatal\/wp-json\/wp\/v2\/posts\/1000"}],"collection":[{"href":"http:\/\/gruene-lk-ks.de\/baunatal\/wp-json\/wp\/v2\/posts"}],"about":[{"href":"http:\/\/gruene-lk-ks.de\/baunatal\/wp-json\/wp\/v2\/types\/post"}],"author":[{"embeddable":true,"href":"http:\/\/gruene-lk-ks.de\/baunatal\/wp-json\/wp\/v2\/users\/6"}],"replies":[{"embeddable":true,"href":"http:\/\/gruene-lk-ks.de\/baunatal\/wp-json\/wp\/v2\/comments?post=1000"}],"version-history":[{"count":4,"href":"http:\/\/gruene-lk-ks.de\/baunatal\/wp-json\/wp\/v2\/posts\/1000\/revisions"}],"predecessor-version":[{"id":1010,"href":"http:\/\/gruene-lk-ks.de\/baunatal\/wp-json\/wp\/v2\/posts\/1000\/revisions\/1010"}],"wp:featuredmedia":[{"embeddable":true,"href":"http:\/\/gruene-lk-ks.de\/baunatal\/wp-json\/wp\/v2\/media\/1002"}],"wp:attachment":[{"href":"http:\/\/gruene-lk-ks.de\/baunatal\/wp-json\/wp\/v2\/media?parent=1000"}],"wp:term":[{"taxonomy":"category","embeddable":true,"href":"http:\/\/gruene-lk-ks.de\/baunatal\/wp-json\/wp\/v2\/categories?post=1000"},{"taxonomy":"post_tag","embeddable":true,"href":"http:\/\/gruene-lk-ks.de\/baunatal\/wp-json\/wp\/v2\/tags?post=1000"}],"curies":[{"name":"wp","href":"https:\/\/api.w.org\/{rel}","templated":true}]}}