{"id":1006,"date":"2017-10-02T13:01:06","date_gmt":"2017-10-02T11:01:06","guid":{"rendered":"http:\/\/gruene-lk-ks.de\/baunatal\/?p=1006"},"modified":"2017-10-02T13:01:06","modified_gmt":"2017-10-02T11:01:06","slug":"verkehrspraeventionstag","status":"publish","type":"post","link":"http:\/\/gruene-lk-ks.de\/baunatal\/verkehrspraeventionstag\/","title":{"rendered":"Verkehrspr\u00e4ventionstag"},"content":{"rendered":"<p style=\"text-align: right\">29.09.2017<\/p>\n<p>Pressemitteilung<\/p>\n<p><strong>Verkehrspr\u00e4ventionstag <\/strong><\/p>\n<p><a class=\"fancybox\" rel=\"gallery1006\" href=\"http:\/\/gruene-lk-ks.de\/baunatal\/files\/2017\/10\/20170927_1419031.jpg\"><img loading=\"lazy\" class=\"alignleft wp-image-1007\" src=\"http:\/\/gruene-lk-ks.de\/baunatal\/files\/2017\/10\/20170927_1419031-800x450.jpg\" alt=\"\" width=\"333\" height=\"187\" srcset=\"http:\/\/gruene-lk-ks.de\/baunatal\/files\/2017\/10\/20170927_1419031-800x450.jpg 800w, http:\/\/gruene-lk-ks.de\/baunatal\/files\/2017\/10\/20170927_1419031-400x225.jpg 400w, http:\/\/gruene-lk-ks.de\/baunatal\/files\/2017\/10\/20170927_1419031-768x432.jpg 768w, http:\/\/gruene-lk-ks.de\/baunatal\/files\/2017\/10\/20170927_1419031-150x84.jpg 150w\" sizes=\"(max-width: 333px) 100vw, 333px\" \/><\/a>An der Veranstaltung des Seniorenarbeitskreises Baunatal am 27.09.2017 nahm unser GR\u00dcNE Stadtverordnete Lothar Rost mit ca. 100 weiteren G\u00e4sten im MVZ Baunatal teil.<\/p>\n<p>Die Veranstaltung wurde gemeinsam mit der Polizei Nordhessen (siehe Bild) und weiteren Partnern veranstaltet.\u00a0Die Aktion MAX der Polizei Nordhessen soll helfen, auch bei nachlassenden F\u00e4higkeiten maximal mobil zu bleiben und sich sicher zu bewegen.\u00a0Bei kostenlosen H\u00f6r-, Seh- und Reaktionstests konnten die Besucher pr\u00fcfen, ob sie im Stra\u00dfenverkehr noch sicher unterwegs sind.\u00a0Im Foyer und im Freibereich gab es Informationsst\u00e4nde mit Ausstellungen und Aktionen.\u00a0In der Cafeteria wurden Getr\u00e4nke und Snacks angeboten.<\/p>\n<p>Die n\u00e4chste <strong>GR\u00dcNE-Fraktionssitzung mit B\u00fcrgersprechstunde <\/strong>\u00a0findet am\u00a0<strong>Montag, den 23.10.2017, um 19.00 Uhr, \u00a0<\/strong>im Vereinshaus in Altenritte, Ritterstra\u00dfe 1, statt.<\/p>\n","protected":false},"excerpt":{"rendered":"<p>29.09.2017 Pressemitteilung Verkehrspr\u00e4ventionstag An der Veranstaltung des Seniorenarbeitskreises Baunatal am 27.09.2017 nahm unser GR\u00dcNE Stadtverordnete Lothar Rost mit ca. 100 weiteren G\u00e4sten im MVZ Baunatal teil. Die Veranstaltung wurde gemeinsam&#8230; <\/p>\n","protected":false},"author":6,"featured_media":1007,"comment_status":"closed","ping_status":"open","sticky":false,"template":"","format":"standard","meta":{"ngg_post_thumbnail":0},"categories":[1],"tags":[],"_links":{"self":[{"href":"http:\/\/gruene-lk-ks.de\/baunatal\/wp-json\/wp\/v2\/posts\/1006"}],"collection":[{"href":"http:\/\/gruene-lk-ks.de\/baunatal\/wp-json\/wp\/v2\/posts"}],"about":[{"href":"http:\/\/gruene-lk-ks.de\/baunatal\/wp-json\/wp\/v2\/types\/post"}],"author":[{"embeddable":true,"href":"http:\/\/gruene-lk-ks.de\/baunatal\/wp-json\/wp\/v2\/users\/6"}],"replies":[{"embeddable":true,"href":"http:\/\/gruene-lk-ks.de\/baunatal\/wp-json\/wp\/v2\/comments?post=1006"}],"version-history":[{"count":1,"href":"http:\/\/gruene-lk-ks.de\/baunatal\/wp-json\/wp\/v2\/posts\/1006\/revisions"}],"predecessor-version":[{"id":1008,"href":"http:\/\/gruene-lk-ks.de\/baunatal\/wp-json\/wp\/v2\/posts\/1006\/revisions\/1008"}],"wp:featuredmedia":[{"embeddable":true,"href":"http:\/\/gruene-lk-ks.de\/baunatal\/wp-json\/wp\/v2\/media\/1007"}],"wp:attachment":[{"href":"http:\/\/gruene-lk-ks.de\/baunatal\/wp-json\/wp\/v2\/media?parent=1006"}],"wp:term":[{"taxonomy":"category","embeddable":true,"href":"http:\/\/gruene-lk-ks.de\/baunatal\/wp-json\/wp\/v2\/categories?post=1006"},{"taxonomy":"post_tag","embeddable":true,"href":"http:\/\/gruene-lk-ks.de\/baunatal\/wp-json\/wp\/v2\/tags?post=1006"}],"curies":[{"name":"wp","href":"https:\/\/api.w.org\/{rel}","templated":true}]}}