{"id":1012,"date":"2017-10-22T22:45:21","date_gmt":"2017-10-22T20:45:21","guid":{"rendered":"http:\/\/gruene-lk-ks.de\/baunatal\/?p=1012"},"modified":"2017-10-23T17:26:55","modified_gmt":"2017-10-23T15:26:55","slug":"gruene-laden-zu-kuerbisfest","status":"publish","type":"post","link":"http:\/\/gruene-lk-ks.de\/baunatal\/gruene-laden-zu-kuerbisfest\/","title":{"rendered":"Gr\u00fcne laden zu K\u00fcrbisfest"},"content":{"rendered":"<p>&nbsp;<\/p>\n<a class=\"fancybox\" rel=\"gallery1012\" href=\"http:\/\/gruene-lk-ks.de\/baunatal\/files\/2017\/10\/K\u00fcrbis.png\"><img loading=\"lazy\" class=\"size-large wp-image-1013 aligncenter\" src=\"http:\/\/gruene-lk-ks.de\/baunatal\/files\/2017\/10\/K\u00fcrbis-800x534.png\" alt=\"\" width=\"783\" height=\"523\" srcset=\"http:\/\/gruene-lk-ks.de\/baunatal\/files\/2017\/10\/K\u00fcrbis-800x534.png 800w, http:\/\/gruene-lk-ks.de\/baunatal\/files\/2017\/10\/K\u00fcrbis-400x267.png 400w, http:\/\/gruene-lk-ks.de\/baunatal\/files\/2017\/10\/K\u00fcrbis-768x513.png 768w, http:\/\/gruene-lk-ks.de\/baunatal\/files\/2017\/10\/K\u00fcrbis-150x100.png 150w, http:\/\/gruene-lk-ks.de\/baunatal\/files\/2017\/10\/K\u00fcrbis.png 1835w\" sizes=\"(max-width: 783px) 100vw, 783px\" \/><\/a>\n<p>&nbsp;<\/p>\n<p>Am Samstag, den <strong>28. Oktober 2017 <\/strong>feiern die GR\u00dcNEN Baunatal ihr\u00a0\u00a0\u00a0\u00a0 <strong>5. K\u00fcrbisfest in <u>Baunatal-Gunterhausen,\u00a0 An der Wasserm\u00fchle 10<\/u><\/strong>.<\/p>\n<p><strong>Beginn: 16 Uhr<\/strong><\/p>\n<p><strong>Ort: Die M\u00fchle von Juliane Kothe an der Bauna in der Ortsmitte<\/strong>. Zufahrt erfolgt neben dem Hexenh\u00e4uschen entlang der Bauna.<\/p>\n<p>Eingeladen sind alle Freunde, Sympathisanten und interessierten Familien mit ihren Kindern, die K\u00fcrbisschnitzereien und weitere Bastelaktionen m\u00f6gen. Die selbst-dekorierten K\u00fcrbisse d\u00fcrfen selbstverst\u00e4ndlich auch nach Hause mitgenommen werden.<\/p>\n<p>Wie immer werden Ursula Dittmar-Loewe und ihre Tochter Nadine die Kinder sachkundig begleiten. Ein gro\u00dfes <strong>Lagerfeuer<\/strong> soll den Abend beschlie\u00dfen.<\/p>\n<p>Ein Buffet mit internationalem Essen sowie Gegrilltes und Getr\u00e4nke stehen bereit.<\/p>\n<p>Wir freuen uns auf EUCH!<\/p>\n","protected":false},"excerpt":{"rendered":"<p>&nbsp; &nbsp; Am Samstag, den 28. Oktober 2017 feiern die GR\u00dcNEN Baunatal ihr\u00a0\u00a0\u00a0\u00a0 5. K\u00fcrbisfest in Baunatal-Gunterhausen,\u00a0 An der Wasserm\u00fchle 10. Beginn: 16 Uhr Ort: Die M\u00fchle von Juliane Kothe&#8230; <\/p>\n","protected":false},"author":6,"featured_media":1013,"comment_status":"closed","ping_status":"open","sticky":false,"template":"","format":"standard","meta":{"ngg_post_thumbnail":0},"categories":[7100],"tags":[],"_links":{"self":[{"href":"http:\/\/gruene-lk-ks.de\/baunatal\/wp-json\/wp\/v2\/posts\/1012"}],"collection":[{"href":"http:\/\/gruene-lk-ks.de\/baunatal\/wp-json\/wp\/v2\/posts"}],"about":[{"href":"http:\/\/gruene-lk-ks.de\/baunatal\/wp-json\/wp\/v2\/types\/post"}],"author":[{"embeddable":true,"href":"http:\/\/gruene-lk-ks.de\/baunatal\/wp-json\/wp\/v2\/users\/6"}],"replies":[{"embeddable":true,"href":"http:\/\/gruene-lk-ks.de\/baunatal\/wp-json\/wp\/v2\/comments?post=1012"}],"version-history":[{"count":4,"href":"http:\/\/gruene-lk-ks.de\/baunatal\/wp-json\/wp\/v2\/posts\/1012\/revisions"}],"predecessor-version":[{"id":1017,"href":"http:\/\/gruene-lk-ks.de\/baunatal\/wp-json\/wp\/v2\/posts\/1012\/revisions\/1017"}],"wp:featuredmedia":[{"embeddable":true,"href":"http:\/\/gruene-lk-ks.de\/baunatal\/wp-json\/wp\/v2\/media\/1013"}],"wp:attachment":[{"href":"http:\/\/gruene-lk-ks.de\/baunatal\/wp-json\/wp\/v2\/media?parent=1012"}],"wp:term":[{"taxonomy":"category","embeddable":true,"href":"http:\/\/gruene-lk-ks.de\/baunatal\/wp-json\/wp\/v2\/categories?post=1012"},{"taxonomy":"post_tag","embeddable":true,"href":"http:\/\/gruene-lk-ks.de\/baunatal\/wp-json\/wp\/v2\/tags?post=1012"}],"curies":[{"name":"wp","href":"https:\/\/api.w.org\/{rel}","templated":true}]}}