{"id":1018,"date":"2017-10-22T22:40:19","date_gmt":"2017-10-22T20:40:19","guid":{"rendered":"http:\/\/gruene-lk-ks.de\/baunatal\/?p=1018"},"modified":"2017-10-22T22:40:19","modified_gmt":"2017-10-22T20:40:19","slug":"vorlesepate-besucht-die-kleinen-maulwuerfe","status":"publish","type":"post","link":"http:\/\/gruene-lk-ks.de\/baunatal\/vorlesepate-besucht-die-kleinen-maulwuerfe\/","title":{"rendered":"Vorlesepate besucht die \u201cKleinen Maulw\u00fcrfe\u201c"},"content":{"rendered":"<p style=\"text-align: right\">18. Oktober 2017<\/p>\n<p><strong><u>B\u00fcndnis 90 \/ Die GR\u00dcNEN Baunatal<\/u><\/strong><\/p>\n<p>Pressemitteilung<\/p>\n<p><strong>Vorlesepate besucht die \u201cKleinen Maulw\u00fcrfe\u201c<\/strong><\/p>\n<p>Die Kindertagesst\u00e4tte \u201cKleine Maulw\u00fcrfe\u201c am Gertrudenstift erhielt wieder einmal\u00a0 Besuch vom Vorlesepaten der diesmal mit Herbstgeschichten und begleitenden Liedern\u00a0 aufwartete.<\/p>\n<div id=\"attachment_1019\" class=\"wp-caption alignleft\" style=\"width: 333px\"><a class=\"fancybox\" rel=\"gallery1018\" href=\"http:\/\/gruene-lk-ks.de\/baunatal\/files\/2017\/10\/IMG_3899.jpg\"><img loading=\"lazy\" class=\"wp-image-1019\" src=\"http:\/\/gruene-lk-ks.de\/baunatal\/files\/2017\/10\/IMG_3899-800x533.jpg\" alt=\"\" width=\"333\" height=\"222\" srcset=\"http:\/\/gruene-lk-ks.de\/baunatal\/files\/2017\/10\/IMG_3899-800x533.jpg 800w, http:\/\/gruene-lk-ks.de\/baunatal\/files\/2017\/10\/IMG_3899-400x267.jpg 400w, http:\/\/gruene-lk-ks.de\/baunatal\/files\/2017\/10\/IMG_3899-768x512.jpg 768w, http:\/\/gruene-lk-ks.de\/baunatal\/files\/2017\/10\/IMG_3899-150x100.jpg 150w\" sizes=\"(max-width: 333px) 100vw, 333px\" \/><\/a><p class=\"wp-caption-text\">Spannung f\u00fcr die Zuh\u00f6rer bei der Bildergeschichte<\/p><\/div>\n<p>Wie bereits bei der letzten Vorlesestunde konnte Edmund Borschel, der auf Einladung der Kindertagesst\u00e4ttenleitung angereist war, mit dem kleinen Kamishibai-Theater die Kinder erfreuen. Thema passend zur Jahreszeit eine Klanggeschichte \u201cDer Herbst, der Herbst, der Herbst ist da!\u201c. Lieder, die zum Mitsingen animierten, garnierten den Vortrag.\u00a0 Die zwei Gruppen folgten mit leuchtenden Augen dem Geschehen oder tanzten auch einmal zum Klang der Melodie und dem Liedtext.\u00a0 Assistiert wurde dabei durch Katharina, eine der Erzieherinnen der Einrichtung am Gertrudenstift.<\/p>\n<p>In einer zweiten Geschichte wurde anhand eines gro\u00dfen Bilderbuchs mit wunderbaren Zeichnungen (\u201cWie gucken die denn?\u201c) der Besuch einer Familie im Zoo und dabei besonders am Affengehege vorgestellt. Lustig war dabei wie Affen und Menschen sich gegenseitig beobachten.<\/p>\n<p>Beide Seiten hatten wieder viel Spa\u00df und es wurden bereits neue Besuchstermine vereinbart.<\/p>\n<p>Am Ende des Vorlesevormittags gab es noch vom Paten gesunde S\u00fc\u00dfigkeiten f\u00fcr die aufmerksamen Zuh\u00f6rer*innen, verbunden mit einem Hinweis auf die spannenden und unterhaltsamen B\u00fccher in unserer st\u00e4dtischen B\u00fccherei, die zum Vorlesen, auch durch die Eltern, einladen.<\/p>\n","protected":false},"excerpt":{"rendered":"<p>18. Oktober 2017 B\u00fcndnis 90 \/ Die GR\u00dcNEN Baunatal Pressemitteilung Vorlesepate besucht die \u201cKleinen Maulw\u00fcrfe\u201c Die Kindertagesst\u00e4tte \u201cKleine Maulw\u00fcrfe\u201c am Gertrudenstift erhielt wieder einmal\u00a0 Besuch vom Vorlesepaten der diesmal mit&#8230; <\/p>\n","protected":false},"author":6,"featured_media":1019,"comment_status":"closed","ping_status":"open","sticky":false,"template":"","format":"standard","meta":{"ngg_post_thumbnail":0},"categories":[1],"tags":[],"_links":{"self":[{"href":"http:\/\/gruene-lk-ks.de\/baunatal\/wp-json\/wp\/v2\/posts\/1018"}],"collection":[{"href":"http:\/\/gruene-lk-ks.de\/baunatal\/wp-json\/wp\/v2\/posts"}],"about":[{"href":"http:\/\/gruene-lk-ks.de\/baunatal\/wp-json\/wp\/v2\/types\/post"}],"author":[{"embeddable":true,"href":"http:\/\/gruene-lk-ks.de\/baunatal\/wp-json\/wp\/v2\/users\/6"}],"replies":[{"embeddable":true,"href":"http:\/\/gruene-lk-ks.de\/baunatal\/wp-json\/wp\/v2\/comments?post=1018"}],"version-history":[{"count":1,"href":"http:\/\/gruene-lk-ks.de\/baunatal\/wp-json\/wp\/v2\/posts\/1018\/revisions"}],"predecessor-version":[{"id":1020,"href":"http:\/\/gruene-lk-ks.de\/baunatal\/wp-json\/wp\/v2\/posts\/1018\/revisions\/1020"}],"wp:featuredmedia":[{"embeddable":true,"href":"http:\/\/gruene-lk-ks.de\/baunatal\/wp-json\/wp\/v2\/media\/1019"}],"wp:attachment":[{"href":"http:\/\/gruene-lk-ks.de\/baunatal\/wp-json\/wp\/v2\/media?parent=1018"}],"wp:term":[{"taxonomy":"category","embeddable":true,"href":"http:\/\/gruene-lk-ks.de\/baunatal\/wp-json\/wp\/v2\/categories?post=1018"},{"taxonomy":"post_tag","embeddable":true,"href":"http:\/\/gruene-lk-ks.de\/baunatal\/wp-json\/wp\/v2\/tags?post=1018"}],"curies":[{"name":"wp","href":"https:\/\/api.w.org\/{rel}","templated":true}]}}