{"id":1079,"date":"2017-11-12T18:43:26","date_gmt":"2017-11-12T16:43:26","guid":{"rendered":"http:\/\/gruene-lk-ks.de\/baunatal\/?p=1079"},"modified":"2017-11-12T18:43:26","modified_gmt":"2017-11-12T16:43:26","slug":"friedensnobelpreistraeger-al-gore-zu-gast-im-film-im-cineplex","status":"publish","type":"post","link":"http:\/\/gruene-lk-ks.de\/baunatal\/friedensnobelpreistraeger-al-gore-zu-gast-im-film-im-cineplex\/","title":{"rendered":"Friedensnobelpreistr\u00e4ger Al Gore zu Gast im Film im Cineplex"},"content":{"rendered":"<p style=\"text-align: right\">November, 2017<\/p>\n<p>Pressemitteilung<\/p>\n<p><strong>Friedensnobelpreistr\u00e4ger Al Gore zu Gast im Film im Cineplex<\/strong><\/p>\n<p><strong>Am 4.11.2017 zeigten vor fast 100 Besucher*innen die GR\u00dcNEN Baunatal im CINEPLEX Baunatal Al Gores aktuellen Dokumentarfilm \u201cImmer noch eine unbequeme Wahrheit \u2013 Die Zeit l\u00e4uft!\u201c<\/strong><\/p>\n<div id=\"attachment_1083\" class=\"wp-caption alignleft\" style=\"width: 333px\"><a class=\"fancybox\" rel=\"gallery1079\" href=\"http:\/\/gruene-lk-ks.de\/baunatal\/files\/2017\/11\/IMG_4002.jpg\"><img loading=\"lazy\" class=\"wp-image-1083\" src=\"http:\/\/gruene-lk-ks.de\/baunatal\/files\/2017\/11\/IMG_4002-800x533.jpg\" alt=\"\" width=\"333\" height=\"222\" srcset=\"http:\/\/gruene-lk-ks.de\/baunatal\/files\/2017\/11\/IMG_4002-800x533.jpg 800w, http:\/\/gruene-lk-ks.de\/baunatal\/files\/2017\/11\/IMG_4002-400x267.jpg 400w, http:\/\/gruene-lk-ks.de\/baunatal\/files\/2017\/11\/IMG_4002-768x512.jpg 768w, http:\/\/gruene-lk-ks.de\/baunatal\/files\/2017\/11\/IMG_4002-150x100.jpg 150w\" sizes=\"(max-width: 333px) 100vw, 333px\" \/><\/a><p class=\"wp-caption-text\">GR\u00dcNE Kommunalpolitiker und G\u00e4ste aus dem Landkreis waren beeindruckt<\/p><\/div>\n<p>&#8220;Al Gore, Friedensnobelpreistr\u00e4ger, ehemaliger US-Vizepr\u00e4sident, Pr\u00e4sidentschaftskandidat und Umweltaktivist k\u00e4mpft seit Jahren gegen die globale Klimaerw\u00e4rmung. Auf seiner Reise durch die Welt, dokumentiert er gravierende Ver\u00e4nderungen in vielen sensiblen Regionen sowie in den USA, f\u00fchrte eine Vielzahl von Gespr\u00e4chen mit Wissenschaftlern und Klimaexperten, pr\u00e4sentierte aber auch sein neues Schulungsprogramm f\u00fcr junge Umweltaktivisten.\u00a0 Anschaulich zeigen ebenso die packenden Naturaufnahmen, wie er seine Vision verfolgt und die Gefahren des Klimawandels mit Einfallsreichtum und Leidenschaft zu \u00fcberwinden versucht.&#8221;<\/p>\n<p>In seiner kurzen Einf\u00fchrung zum Film verwies der GR\u00dcNE Fraktionsvorsitzende Edmund Borschel auf die Auswirkungen des Klimawandels und der Erderw\u00e4rmung, wenn z. B. Hurricanes in der Karibik nach einigen Tagen auch zu St\u00fcrmen in Europa f\u00fchren, wie j\u00fcngst, mit Toten und Verw\u00fcstungen in deutschen St\u00e4dten. Am gravierendsten sind jedoch viele Inseln im Pazifik bedroht, die durch den Anstieg des Meeresspiegels um wenige Zentimeter, dem Untergang geweiht sind.\u00a0 Aktualit\u00e4t erhielt die Vorf\u00fchrung an diesem Tag und zu dieser Stunde, da parallel dazu in Bonn Zehntausende von Demonstranten vor der Klimakonferenz das schnellstm\u00f6gliche Abschalten der gr\u00f6\u00dften Umweltverschmutzer, den Kohlekraftwerken forderten. So hat sich\u00a0 die jetzige deutsche Regierung eigentlich zum Ziele gesetzt den CO2-Aussto\u00df bis 2020 um 40 % zu senken. Dies droht jedoch kl\u00e4glich zu scheitern, wenn nicht in den kommenden 3 Jahren die dreckigsten Kohlekraftwerke vom Netz genommen werden und die Verkehrswende eingel\u00e4utet wird. Es ist 5 vor 12 in Sachen Klimaschutz!<\/p>\n<div id=\"attachment_1084\" class=\"wp-caption alignright\" style=\"width: 333px\"><a class=\"fancybox\" rel=\"gallery1079\" href=\"http:\/\/gruene-lk-ks.de\/baunatal\/files\/2017\/11\/IMG_4004.jpg\"><img loading=\"lazy\" class=\"wp-image-1084\" src=\"http:\/\/gruene-lk-ks.de\/baunatal\/files\/2017\/11\/IMG_4004-800x533.jpg\" alt=\"\" width=\"333\" height=\"222\" srcset=\"http:\/\/gruene-lk-ks.de\/baunatal\/files\/2017\/11\/IMG_4004-800x533.jpg 800w, http:\/\/gruene-lk-ks.de\/baunatal\/files\/2017\/11\/IMG_4004-400x267.jpg 400w, http:\/\/gruene-lk-ks.de\/baunatal\/files\/2017\/11\/IMG_4004-768x512.jpg 768w, http:\/\/gruene-lk-ks.de\/baunatal\/files\/2017\/11\/IMG_4004-150x100.jpg 150w\" sizes=\"(max-width: 333px) 100vw, 333px\" \/><\/a><p class=\"wp-caption-text\">Gute Laune bei allen Besucher*innen nach dem Film<\/p><\/div>\n<p>Im Anschluss an den Film luden die GR\u00dcNEN noch zu einem Drink mit kleinen Snacks und interessanten Gespr\u00e4chen auf die Empore des CINEPLEX ein. Bereichert wurde der Nachmittag wieder von einem guten Dutzend E-Mobilisten aus dem nordhessischen Raum und NRW, animiert durch unsere Baunataler Freunde Marc und Patricia Boll, die ihre Palette von Fahrzeugen im Au\u00dfenbereich den Besuchern pr\u00e4sentierten und zu kleinen Spritztouren einluden. Diese haben bereits seit Jahren die Verkehrswende aktiv umgesetzt. Daf\u00fcr geb\u00fchrt ihnen Dank und Anerkennung. Gleicherma\u00dfen geht unser Dank an den Hausherrn, Herrn Sch\u00e4fer, der diesmal sogar pers\u00f6nlich das Opening des Al Gore Films vornahm, welcher an diesem Tag seine Premiere im Landkreis Kassel hatte.<\/p>\n<!-- index.php -->\n<div\n\tclass=\"ngg-galleryoverview ngg-ajax-pagination-none\"\n\tid=\"ngg-gallery-fa8f96e336fd0ea5afa0a47aa41f21e2-1\">\n\n    \t<div class=\"slideshowlink\">\n        <a href='http:\/\/gruene-lk-ks.de\/baunatal\/friedensnobelpreistraeger-al-gore-zu-gast-im-film-im-cineplex\/nggallery\/slideshow'>&#091;Zeige eine Slideshow&#093;<\/a>\n\t\t\n\t<\/div>\n\t\t\t<!-- Thumbnails -->\n\t\t\t\t<div id=\"ngg-image-0\" class=\"ngg-gallery-thumbnail-box\" >\n\t\t\t\t        <div class=\"ngg-gallery-thumbnail\">\n            <a href=\"http:\/\/gruene-lk-ks.de\/baunatal\/wp-content\/uploads\/sites\/3\/nggallery\/film_al-gore\/IMG_08081.JPG\"\n               title=\"\"\n               data-src=\"http:\/\/gruene-lk-ks.de\/baunatal\/wp-content\/uploads\/sites\/3\/nggallery\/film_al-gore\/IMG_08081.JPG\"\n               data-thumbnail=\"http:\/\/gruene-lk-ks.de\/baunatal\/wp-content\/uploads\/sites\/3\/nggallery\/film_al-gore\/thumbs\/thumbs_IMG_08081.JPG\"\n               data-image-id=\"13\"\n               data-title=\"IMG_0808[1]\"\n               data-description=\"\"\n               data-image-slug=\"img_08081\"\n               class=\"ngg-fancybox\" rel=\"fa8f96e336fd0ea5afa0a47aa41f21e2\">\n                <img\n                    title=\"IMG_0808[1]\"\n                    alt=\"IMG_0808[1]\"\n                    src=\"http:\/\/gruene-lk-ks.de\/baunatal\/wp-content\/uploads\/sites\/3\/nggallery\/film_al-gore\/thumbs\/thumbs_IMG_08081.JPG\"\n                    width=\"120\"\n                    height=\"90\"\n                    style=\"max-width:100%;\"\n                \/>\n            <\/a>\n        <\/div>\n\t\t\t\t\t\t\t<\/div> \n\t\t\t\n        \n\t\t\t\t<div id=\"ngg-image-1\" class=\"ngg-gallery-thumbnail-box\" >\n\t\t\t\t        <div class=\"ngg-gallery-thumbnail\">\n            <a href=\"http:\/\/gruene-lk-ks.de\/baunatal\/wp-content\/uploads\/sites\/3\/nggallery\/film_al-gore\/IMG_3996.JPG\"\n               title=\"\"\n               data-src=\"http:\/\/gruene-lk-ks.de\/baunatal\/wp-content\/uploads\/sites\/3\/nggallery\/film_al-gore\/IMG_3996.JPG\"\n               data-thumbnail=\"http:\/\/gruene-lk-ks.de\/baunatal\/wp-content\/uploads\/sites\/3\/nggallery\/film_al-gore\/thumbs\/thumbs_IMG_3996.JPG\"\n               data-image-id=\"14\"\n               data-title=\"IMG_3996\"\n               data-description=\"\"\n               data-image-slug=\"img_3996\"\n               class=\"ngg-fancybox\" rel=\"fa8f96e336fd0ea5afa0a47aa41f21e2\">\n                <img\n                    title=\"IMG_3996\"\n                    alt=\"IMG_3996\"\n                    src=\"http:\/\/gruene-lk-ks.de\/baunatal\/wp-content\/uploads\/sites\/3\/nggallery\/film_al-gore\/thumbs\/thumbs_IMG_3996.JPG\"\n                    width=\"120\"\n                    height=\"90\"\n                    style=\"max-width:100%;\"\n                \/>\n            <\/a>\n        <\/div>\n\t\t\t\t\t\t\t<\/div> \n\t\t\t\n        \n\t\t\t\t<div id=\"ngg-image-2\" class=\"ngg-gallery-thumbnail-box\" >\n\t\t\t\t        <div class=\"ngg-gallery-thumbnail\">\n            <a href=\"http:\/\/gruene-lk-ks.de\/baunatal\/wp-content\/uploads\/sites\/3\/nggallery\/film_al-gore\/IMG_3998.JPG\"\n               title=\"\"\n               data-src=\"http:\/\/gruene-lk-ks.de\/baunatal\/wp-content\/uploads\/sites\/3\/nggallery\/film_al-gore\/IMG_3998.JPG\"\n               data-thumbnail=\"http:\/\/gruene-lk-ks.de\/baunatal\/wp-content\/uploads\/sites\/3\/nggallery\/film_al-gore\/thumbs\/thumbs_IMG_3998.JPG\"\n               data-image-id=\"15\"\n               data-title=\"IMG_3998\"\n               data-description=\"\"\n               data-image-slug=\"img_3998\"\n               class=\"ngg-fancybox\" rel=\"fa8f96e336fd0ea5afa0a47aa41f21e2\">\n                <img\n                    title=\"IMG_3998\"\n                    alt=\"IMG_3998\"\n                    src=\"http:\/\/gruene-lk-ks.de\/baunatal\/wp-content\/uploads\/sites\/3\/nggallery\/film_al-gore\/thumbs\/thumbs_IMG_3998.JPG\"\n                    width=\"120\"\n                    height=\"90\"\n                    style=\"max-width:100%;\"\n                \/>\n            <\/a>\n        <\/div>\n\t\t\t\t\t\t\t<\/div> \n\t\t\t\n        \n\t\t\t\t<div id=\"ngg-image-3\" class=\"ngg-gallery-thumbnail-box\" >\n\t\t\t\t        <div class=\"ngg-gallery-thumbnail\">\n            <a href=\"http:\/\/gruene-lk-ks.de\/baunatal\/wp-content\/uploads\/sites\/3\/nggallery\/film_al-gore\/IMG_4002.JPG\"\n               title=\"\"\n               data-src=\"http:\/\/gruene-lk-ks.de\/baunatal\/wp-content\/uploads\/sites\/3\/nggallery\/film_al-gore\/IMG_4002.JPG\"\n               data-thumbnail=\"http:\/\/gruene-lk-ks.de\/baunatal\/wp-content\/uploads\/sites\/3\/nggallery\/film_al-gore\/thumbs\/thumbs_IMG_4002.JPG\"\n               data-image-id=\"16\"\n               data-title=\"IMG_4002\"\n               data-description=\"\"\n               data-image-slug=\"img_4002\"\n               class=\"ngg-fancybox\" rel=\"fa8f96e336fd0ea5afa0a47aa41f21e2\">\n                <img\n                    title=\"IMG_4002\"\n                    alt=\"IMG_4002\"\n                    src=\"http:\/\/gruene-lk-ks.de\/baunatal\/wp-content\/uploads\/sites\/3\/nggallery\/film_al-gore\/thumbs\/thumbs_IMG_4002.JPG\"\n                    width=\"120\"\n                    height=\"90\"\n                    style=\"max-width:100%;\"\n                \/>\n            <\/a>\n        <\/div>\n\t\t\t\t\t\t\t<\/div> \n\t\t\t\n        \n\t\t\t\t<div id=\"ngg-image-4\" class=\"ngg-gallery-thumbnail-box\" >\n\t\t\t\t        <div class=\"ngg-gallery-thumbnail\">\n            <a href=\"http:\/\/gruene-lk-ks.de\/baunatal\/wp-content\/uploads\/sites\/3\/nggallery\/film_al-gore\/IMG_4004.JPG\"\n               title=\"\"\n               data-src=\"http:\/\/gruene-lk-ks.de\/baunatal\/wp-content\/uploads\/sites\/3\/nggallery\/film_al-gore\/IMG_4004.JPG\"\n               data-thumbnail=\"http:\/\/gruene-lk-ks.de\/baunatal\/wp-content\/uploads\/sites\/3\/nggallery\/film_al-gore\/thumbs\/thumbs_IMG_4004.JPG\"\n               data-image-id=\"17\"\n               data-title=\"IMG_4004\"\n               data-description=\"\"\n               data-image-slug=\"img_4004\"\n               class=\"ngg-fancybox\" rel=\"fa8f96e336fd0ea5afa0a47aa41f21e2\">\n                <img\n                    title=\"IMG_4004\"\n                    alt=\"IMG_4004\"\n                    src=\"http:\/\/gruene-lk-ks.de\/baunatal\/wp-content\/uploads\/sites\/3\/nggallery\/film_al-gore\/thumbs\/thumbs_IMG_4004.JPG\"\n                    width=\"120\"\n                    height=\"90\"\n                    style=\"max-width:100%;\"\n                \/>\n            <\/a>\n        <\/div>\n\t\t\t\t\t\t\t<\/div> \n\t\t\t\n        \n\t\t\t\t<div id=\"ngg-image-5\" class=\"ngg-gallery-thumbnail-box\" >\n\t\t\t\t        <div class=\"ngg-gallery-thumbnail\">\n            <a href=\"http:\/\/gruene-lk-ks.de\/baunatal\/wp-content\/uploads\/sites\/3\/nggallery\/film_al-gore\/IMG_4008.JPG\"\n               title=\"\"\n               data-src=\"http:\/\/gruene-lk-ks.de\/baunatal\/wp-content\/uploads\/sites\/3\/nggallery\/film_al-gore\/IMG_4008.JPG\"\n               data-thumbnail=\"http:\/\/gruene-lk-ks.de\/baunatal\/wp-content\/uploads\/sites\/3\/nggallery\/film_al-gore\/thumbs\/thumbs_IMG_4008.JPG\"\n               data-image-id=\"18\"\n               data-title=\"IMG_4008\"\n               data-description=\"\"\n               data-image-slug=\"img_4008\"\n               class=\"ngg-fancybox\" rel=\"fa8f96e336fd0ea5afa0a47aa41f21e2\">\n                <img\n                    title=\"IMG_4008\"\n                    alt=\"IMG_4008\"\n                    src=\"http:\/\/gruene-lk-ks.de\/baunatal\/wp-content\/uploads\/sites\/3\/nggallery\/film_al-gore\/thumbs\/thumbs_IMG_4008.JPG\"\n                    width=\"120\"\n                    height=\"90\"\n                    style=\"max-width:100%;\"\n                \/>\n            <\/a>\n        <\/div>\n\t\t\t\t\t\t\t<\/div> \n\t\t\t\n        \n\t\t\t\t<div id=\"ngg-image-6\" class=\"ngg-gallery-thumbnail-box\" >\n\t\t\t\t        <div class=\"ngg-gallery-thumbnail\">\n            <a href=\"http:\/\/gruene-lk-ks.de\/baunatal\/wp-content\/uploads\/sites\/3\/nggallery\/film_al-gore\/IMG_4009.JPG\"\n               title=\"\"\n               data-src=\"http:\/\/gruene-lk-ks.de\/baunatal\/wp-content\/uploads\/sites\/3\/nggallery\/film_al-gore\/IMG_4009.JPG\"\n               data-thumbnail=\"http:\/\/gruene-lk-ks.de\/baunatal\/wp-content\/uploads\/sites\/3\/nggallery\/film_al-gore\/thumbs\/thumbs_IMG_4009.JPG\"\n               data-image-id=\"19\"\n               data-title=\"IMG_4009\"\n               data-description=\"\"\n               data-image-slug=\"img_4009\"\n               class=\"ngg-fancybox\" rel=\"fa8f96e336fd0ea5afa0a47aa41f21e2\">\n                <img\n                    title=\"IMG_4009\"\n                    alt=\"IMG_4009\"\n                    src=\"http:\/\/gruene-lk-ks.de\/baunatal\/wp-content\/uploads\/sites\/3\/nggallery\/film_al-gore\/thumbs\/thumbs_IMG_4009.JPG\"\n                    width=\"120\"\n                    height=\"90\"\n                    style=\"max-width:100%;\"\n                \/>\n            <\/a>\n        <\/div>\n\t\t\t\t\t\t\t<\/div> \n\t\t\t\n        \n\t\t\t\t<div id=\"ngg-image-7\" class=\"ngg-gallery-thumbnail-box\" >\n\t\t\t\t        <div class=\"ngg-gallery-thumbnail\">\n            <a href=\"http:\/\/gruene-lk-ks.de\/baunatal\/wp-content\/uploads\/sites\/3\/nggallery\/film_al-gore\/IMG_4011.JPG\"\n               title=\"\"\n               data-src=\"http:\/\/gruene-lk-ks.de\/baunatal\/wp-content\/uploads\/sites\/3\/nggallery\/film_al-gore\/IMG_4011.JPG\"\n               data-thumbnail=\"http:\/\/gruene-lk-ks.de\/baunatal\/wp-content\/uploads\/sites\/3\/nggallery\/film_al-gore\/thumbs\/thumbs_IMG_4011.JPG\"\n               data-image-id=\"20\"\n               data-title=\"IMG_4011\"\n               data-description=\"\"\n               data-image-slug=\"img_4011\"\n               class=\"ngg-fancybox\" rel=\"fa8f96e336fd0ea5afa0a47aa41f21e2\">\n                <img\n                    title=\"IMG_4011\"\n                    alt=\"IMG_4011\"\n                    src=\"http:\/\/gruene-lk-ks.de\/baunatal\/wp-content\/uploads\/sites\/3\/nggallery\/film_al-gore\/thumbs\/thumbs_IMG_4011.JPG\"\n                    width=\"120\"\n                    height=\"90\"\n                    style=\"max-width:100%;\"\n                \/>\n            <\/a>\n        <\/div>\n\t\t\t\t\t\t\t<\/div> \n\t\t\t\n        \n\t\t\n\t\t<!-- Pagination -->\n\t<div class='ngg-clear'><\/div>\t<\/div>\n\n","protected":false},"excerpt":{"rendered":"<p>November, 2017 Pressemitteilung Friedensnobelpreistr\u00e4ger Al Gore zu Gast im Film im Cineplex Am 4.11.2017 zeigten vor fast 100 Besucher*innen die GR\u00dcNEN Baunatal im CINEPLEX Baunatal Al Gores aktuellen Dokumentarfilm \u201cImmer&#8230; <\/p>\n","protected":false},"author":6,"featured_media":1087,"comment_status":"closed","ping_status":"open","sticky":false,"template":"","format":"standard","meta":{"ngg_post_thumbnail":0},"categories":[7100],"tags":[],"_links":{"self":[{"href":"http:\/\/gruene-lk-ks.de\/baunatal\/wp-json\/wp\/v2\/posts\/1079"}],"collection":[{"href":"http:\/\/gruene-lk-ks.de\/baunatal\/wp-json\/wp\/v2\/posts"}],"about":[{"href":"http:\/\/gruene-lk-ks.de\/baunatal\/wp-json\/wp\/v2\/types\/post"}],"author":[{"embeddable":true,"href":"http:\/\/gruene-lk-ks.de\/baunatal\/wp-json\/wp\/v2\/users\/6"}],"replies":[{"embeddable":true,"href":"http:\/\/gruene-lk-ks.de\/baunatal\/wp-json\/wp\/v2\/comments?post=1079"}],"version-history":[{"count":5,"href":"http:\/\/gruene-lk-ks.de\/baunatal\/wp-json\/wp\/v2\/posts\/1079\/revisions"}],"predecessor-version":[{"id":1109,"href":"http:\/\/gruene-lk-ks.de\/baunatal\/wp-json\/wp\/v2\/posts\/1079\/revisions\/1109"}],"wp:featuredmedia":[{"embeddable":true,"href":"http:\/\/gruene-lk-ks.de\/baunatal\/wp-json\/wp\/v2\/media\/1087"}],"wp:attachment":[{"href":"http:\/\/gruene-lk-ks.de\/baunatal\/wp-json\/wp\/v2\/media?parent=1079"}],"wp:term":[{"taxonomy":"category","embeddable":true,"href":"http:\/\/gruene-lk-ks.de\/baunatal\/wp-json\/wp\/v2\/categories?post=1079"},{"taxonomy":"post_tag","embeddable":true,"href":"http:\/\/gruene-lk-ks.de\/baunatal\/wp-json\/wp\/v2\/tags?post=1079"}],"curies":[{"name":"wp","href":"https:\/\/api.w.org\/{rel}","templated":true}]}}