{"id":1152,"date":"2018-01-09T20:56:27","date_gmt":"2018-01-09T18:56:27","guid":{"rendered":"http:\/\/gruene-lk-ks.de\/baunatal\/?p=1152"},"modified":"2018-01-09T20:56:27","modified_gmt":"2018-01-09T18:56:27","slug":"gruene-baunatal-fordern-eine-klima-und-umweltoffensive-fuer-baunatal-ein","status":"publish","type":"post","link":"http:\/\/gruene-lk-ks.de\/baunatal\/gruene-baunatal-fordern-eine-klima-und-umweltoffensive-fuer-baunatal-ein\/","title":{"rendered":"GR\u00dcNE Baunatal fordern eine Klima- und Umweltoffensive f\u00fcr Baunatal ein"},"content":{"rendered":"<p style=\"text-align: right\">06.01.18<\/p>\n<p>PRESSEMITTEILUNG<\/p>\n<p><strong>GR\u00dcNE Baunatal fordern eine Klima- und Umweltoffensive f\u00fcr Baunatal ein<\/strong><\/p>\n<div id=\"attachment_1154\" class=\"wp-caption alignright\" style=\"width: 333px\"><a class=\"fancybox\" rel=\"gallery1152\" href=\"http:\/\/gruene-lk-ks.de\/baunatal\/files\/2018\/01\/2015_GAZ_KSV_Glyphosat-036.jpg\"><img loading=\"lazy\" class=\"wp-image-1154\" src=\"http:\/\/gruene-lk-ks.de\/baunatal\/files\/2018\/01\/2015_GAZ_KSV_Glyphosat-036-800x533.jpg\" alt=\"\" width=\"333\" height=\"222\" srcset=\"http:\/\/gruene-lk-ks.de\/baunatal\/files\/2018\/01\/2015_GAZ_KSV_Glyphosat-036-800x533.jpg 800w, http:\/\/gruene-lk-ks.de\/baunatal\/files\/2018\/01\/2015_GAZ_KSV_Glyphosat-036-400x267.jpg 400w, http:\/\/gruene-lk-ks.de\/baunatal\/files\/2018\/01\/2015_GAZ_KSV_Glyphosat-036-768x512.jpg 768w, http:\/\/gruene-lk-ks.de\/baunatal\/files\/2018\/01\/2015_GAZ_KSV_Glyphosat-036-150x100.jpg 150w\" sizes=\"(max-width: 333px) 100vw, 333px\" \/><\/a><p class=\"wp-caption-text\">Seltene Blumen an Feldr\u00e4ndern trotz Glyphosateinsatz auf Nachbarfeldern<\/p><\/div>\n<p>Nach den j\u00fcngsten Hiobsbotschaften in den Medien zur Belastung von Umwelt und Klima in St\u00e4dten und einigen Regionen Deutschlands fordern die GR\u00dcNEN st\u00e4rkere Anstrengungen auch in Baunatal. Dazu wird Partei und Fraktion f\u00fcr das Jahr 2018 ein abgestimmtes Gesamtpaket schn\u00fcren mit Veranstaltungen f\u00fcr die B\u00fcrger*innen, welche als <strong>Information<\/strong> dienen und zu einem <strong>Umdenken<\/strong> <strong>im Alltag<\/strong> anleiten k\u00f6nnen, sowie <strong>Antr\u00e4gen<\/strong> in der Stavo, die zur <strong>konkreten politischen Umsetzung auf Baunataler Stadtgebiet<\/strong> f\u00fchren sollen. Mittelfristiges Ziel der GR\u00dcNEN ist, <strong>Baunatal zur klimafreundlichsten Stadt im Landkreis Kassel<\/strong> auszubauen!<\/p>\n<p>Als <strong>Beispiele<\/strong> dienen u.a. folgende Bereiche:<\/p>\n<ol>\n<li>Ausschreibung von <strong>kleinen Elektrobussen im Stadtverkehr<\/strong> zwischen den Ortsteilen, statt Dieselfahrzeugen, besonders zum Einsatz in nutzerschwachen Zeiten. Der letzte Vorsto\u00df der GR\u00dcNEN vor einigen Jahren ist leider an den damals zu hohen Kosten und der SPD-Mehrheit gescheitert. Inzwischen ist die technologische Entwicklung geeigneter und kosteng\u00fcnstiger Fahrzeuge weiter vorangeschritten. Verkehrsbetriebe sollten daher diese auch im Alltagsbetrieb nutzen. Angek\u00fcndigte F\u00f6rderprogramme bei der Entwicklung vom Bund bieten neue Chancen.<\/li>\n<li>Schnellstm\u00f6gliche Umsetzung der <strong>Installation von PV-Anlagen auf st\u00e4dtischen Liegenschaften<\/strong>, vor allem mit Nutzung von Stromspeicherm\u00f6glichkeiten, zwecks besserer Nutzung regenerativer Energien und Reduzierung klimasch\u00e4dlicher Emissionen. Bedauerlicherweise wurde durch einen Mehrheitsbeschluss in der Stavo vom Dezember 2017 die finanzielle Beteiligung durch eine B\u00fcrger-Energie-Genossenschaft aus Baunatal ausgeschlossen.<\/li>\n<li><strong>Einrichtung zun\u00e4chst einer Messstation<\/strong> zur Erfassung valider Daten der Stickoxid-, Feinstaub- und CO2-Belastung an der meist befahrenen Kreuzung in Altenbauna (in Abstimmung mit dem hessischen Umweltministerium bzw. der Hessischen Landesregierung).<\/li>\n<li>St\u00e4rkere Einbindung sowie <strong>aktivere Beteiligung des ab 1.1.2018 neu eingestellten Energiebeauftragten bei Entscheidungsprozessen im Klimasektor<\/strong>, sowie Praxisorientierung und Wahrnehmung regelm\u00e4\u00dfiger Fortbildungsma\u00dfnahmen. Hier wird schon jetzt Transparenz bei der Auswahlentscheidung des Energiebeauftragten angemahnt!<\/li>\n<li>Breitgef\u00e4cherte <strong>Aufkl\u00e4rung zum dramatischen Insektensterben<\/strong>, vor allem bei den Bienen, (R\u00fcckgang der Population insgesamt von 75 % in den vergangenen 10 Jahren) auch ausgel\u00f6st durch den Einsatz von Herbiziden und Pestiziden (wie Glyphosat) auf agrarischen Fl\u00e4chen. <strong>Gr\u00f6\u00dfere Bl\u00fchstreifen in st\u00e4dtischen Anlagen als schnellstm\u00f6gliche Einleitung geeigneter Gegenma\u00dfnahmen!<\/strong> Hier kann auch der neu installatierte <strong>Artenschutzbeauftragte<\/strong> <strong>des<\/strong> <strong>Landkreises Kassel<\/strong> Hilfestellung leisten. Die halbe Stelle in der Landkreisverwaltung wurde auf Antrag der GR\u00dcNEN im Kreistag bei der Haushaltsverabschiedung 2018 neu definiert. Leider nur ein kleiner Schritt!<\/li>\n<\/ol>\n<p>Edmund Borschel<\/p>\n<p>Fraktionsvorsitzender der GR\u00dcNEN Baunatal<\/p>\n","protected":false},"excerpt":{"rendered":"<p>06.01.18 PRESSEMITTEILUNG GR\u00dcNE Baunatal fordern eine Klima- und Umweltoffensive f\u00fcr Baunatal ein Nach den j\u00fcngsten Hiobsbotschaften in den Medien zur Belastung von Umwelt und Klima in St\u00e4dten und einigen Regionen&#8230; <\/p>\n","protected":false},"author":6,"featured_media":1154,"comment_status":"closed","ping_status":"open","sticky":false,"template":"","format":"standard","meta":{"ngg_post_thumbnail":0},"categories":[1],"tags":[],"_links":{"self":[{"href":"http:\/\/gruene-lk-ks.de\/baunatal\/wp-json\/wp\/v2\/posts\/1152"}],"collection":[{"href":"http:\/\/gruene-lk-ks.de\/baunatal\/wp-json\/wp\/v2\/posts"}],"about":[{"href":"http:\/\/gruene-lk-ks.de\/baunatal\/wp-json\/wp\/v2\/types\/post"}],"author":[{"embeddable":true,"href":"http:\/\/gruene-lk-ks.de\/baunatal\/wp-json\/wp\/v2\/users\/6"}],"replies":[{"embeddable":true,"href":"http:\/\/gruene-lk-ks.de\/baunatal\/wp-json\/wp\/v2\/comments?post=1152"}],"version-history":[{"count":2,"href":"http:\/\/gruene-lk-ks.de\/baunatal\/wp-json\/wp\/v2\/posts\/1152\/revisions"}],"predecessor-version":[{"id":1155,"href":"http:\/\/gruene-lk-ks.de\/baunatal\/wp-json\/wp\/v2\/posts\/1152\/revisions\/1155"}],"wp:featuredmedia":[{"embeddable":true,"href":"http:\/\/gruene-lk-ks.de\/baunatal\/wp-json\/wp\/v2\/media\/1154"}],"wp:attachment":[{"href":"http:\/\/gruene-lk-ks.de\/baunatal\/wp-json\/wp\/v2\/media?parent=1152"}],"wp:term":[{"taxonomy":"category","embeddable":true,"href":"http:\/\/gruene-lk-ks.de\/baunatal\/wp-json\/wp\/v2\/categories?post=1152"},{"taxonomy":"post_tag","embeddable":true,"href":"http:\/\/gruene-lk-ks.de\/baunatal\/wp-json\/wp\/v2\/tags?post=1152"}],"curies":[{"name":"wp","href":"https:\/\/api.w.org\/{rel}","templated":true}]}}