{"id":1170,"date":"2018-02-19T12:22:26","date_gmt":"2018-02-19T10:22:26","guid":{"rendered":"http:\/\/gruene-lk-ks.de\/baunatal\/?p=1170"},"modified":"2018-02-19T12:24:01","modified_gmt":"2018-02-19T10:24:01","slug":"gruene-zu-besuch-beim-ksv-baunatal","status":"publish","type":"post","link":"http:\/\/gruene-lk-ks.de\/baunatal\/gruene-zu-besuch-beim-ksv-baunatal\/","title":{"rendered":"GR\u00dcNE zu Besuch beim KSV-Baunatal"},"content":{"rendered":"<p style=\"text-align: right\">21.02.2018<\/p>\n<p>Pressemitteilung<\/p>\n<p><strong>GR\u00dcNE zu Besuch beim KSV-Baunatal<\/strong><\/p>\n<p>Auf Anregung unserer Stadtverordnetenfraktion trafen sich der GR\u00dcNE Stadtrat <strong>J\u00fcrgen B\u00f6hme <\/strong>und der GR\u00dcNE Fraktionsvorsitzende <strong>Edmund Borschel sowie sein Stellvertreter Lothar Rost <\/strong>\u00a0mit dem KSV-Vorstandsvorsitzenden, <strong>Timo Gerhold<\/strong> zu einem Informationsaustausch.<\/p>\n<p>Timo Gerhold wies auf die Notwendigkeit der baulichen und technischen Modernisierung der 1967 errichteten\u00a0 Max-Riegel-Halle hin, was durch die Stadt im Rahmen einer Projektstudie von 2013 festgestellt wurde.<\/p>\n<div id=\"attachment_1172\" class=\"wp-caption alignright\" style=\"width: 333px\"><a class=\"fancybox\" rel=\"gallery1170\" href=\"http:\/\/gruene-lk-ks.de\/baunatal\/files\/2018\/02\/IMG_4152.jpg\"><img loading=\"lazy\" class=\"wp-image-1172\" src=\"http:\/\/gruene-lk-ks.de\/baunatal\/files\/2018\/02\/IMG_4152-800x533.jpg\" alt=\"\" width=\"333\" height=\"222\" srcset=\"http:\/\/gruene-lk-ks.de\/baunatal\/files\/2018\/02\/IMG_4152-800x533.jpg 800w, http:\/\/gruene-lk-ks.de\/baunatal\/files\/2018\/02\/IMG_4152-400x267.jpg 400w, http:\/\/gruene-lk-ks.de\/baunatal\/files\/2018\/02\/IMG_4152-768x512.jpg 768w, http:\/\/gruene-lk-ks.de\/baunatal\/files\/2018\/02\/IMG_4152-150x100.jpg 150w\" sizes=\"(max-width: 333px) 100vw, 333px\" \/><\/a><p class=\"wp-caption-text\">Sport und Politik im konstruktiven Gedankenaustausch: Timo Gerhold, J\u00fcrgen B\u00f6hme, Lothar Rost und Ede Borschel<\/p><\/div>\n<p>Diese Projektstudie \u00fcber die Sanierungsnotwendigkeit der Max-Riegel-Halle wurde bis zum Treffen mit der KSV-Spitze nicht in den st\u00e4dtischen Gremien vorgestellt, soll aber nach den j\u00fcngsten Signalen aus dem Rathaus im April 2018 den Stadtverordneten aller Fraktionen vorgestellt werden. Unbedingt notwendig ist bei der Sanierung eine ausreichende Spielfeldgr\u00f6\u00dfe f\u00fcr Handball und Basketball, Neugestaltung des Foyers mit Garderobe, K\u00fcche und Tresen, eine moderne Schlie\u00dfanlage und gr\u00f6\u00dfere Ger\u00e4ter\u00e4ume mit abschlie\u00dfbaren Schr\u00e4nken.<\/p>\n<p>Von der Stadt wurden im November 2017 alle Planungsleistungen an das B\u00fcro KM-Architekten vergeben, das zur Zeit die ersten Vorplanungen erstellt.<\/p>\n<p>Ob die im Investitionsprogramm der Stadt Baunatal bisher veranschlagten Investitionskosten von 3,7 Mio. Euro ausreichend sind, kann derzeit noch nicht endg\u00fcltig eingesch\u00e4tzt werden.<\/p>\n<p>Der Verein w\u00fcnscht sich im Zuge der Sanierung der Halle eine bedarfsgerechte Moderniserung und Vergr\u00f6\u00dferung des zur Halle geh\u00f6renden Gymnastikraums. Entsprechende Konzepte, die nach den W\u00fcnschen der einzelnen Abteilungen zusammengestellt wurden, liegen der Stadt zur Pr\u00fcfung bei der weiteren Planung vor.. Der\u00a0 Austausch mit dem Verein im Vorfeld von Bauma\u00dfnahmen sind gute Tradition in Baunatal.<\/p>\n<p>Die Errichtung eines vergr\u00f6\u00dferten Multifunktionsraums (ca. 15x25m) zwischen KSV-Sportwelt und Max-Riegel-Halle f\u00fcr den Inklusionssport, Kindersport und Rehasport ist ein Schwerpunkt, der neue Angebote des gr\u00f6\u00dften nordhessischen Sportvereins im Bereich Inklusion r\u00e4umlich erm\u00f6glicht. Auch personell will der KSV hier Neuland betreten und eine Inklusionssport-Fachkraft einstellen.<\/p>\n<p>Die Vereinsverwaltung k\u00f6nnte ebenfalls durch 2-3 zus\u00e4tzliche R\u00e4ume mit Anbindung an die vorhandene Gesch\u00e4ftsstelle im Obergeschoss erweitert werden, die sp\u00e4ter vom KSV gemietet werden.<\/p>\n<p>Auf R\u00fcckfrage der GR\u00dcNEN in der Stavo ist die Stadt aktuell nach K\u00fcrzung der \u00d6ffnungszeiten des Freizeitbades zum 01.01.2018 dabei, Belegungsprobleme zur Durchf\u00fchrung der KSV-Kinderschwimmkurse mit dem Verein neu zu regeln.<\/p>\n<hr \/>\n<p>&nbsp;<\/p>\n<p>Die n\u00e4chste <strong>GR\u00dcNE-Fraktionssitzung mit B\u00fcrgersprechstunde <\/strong>(bis 19.30 Uhr) \u00a0findet am<\/p>\n<p><strong>Montag, den 26.02.2018, um 19.00 Uhr,<\/strong><\/p>\n<p>im Vereinshaus in Altenritte, Ritterstra\u00dfe 1, statt.<\/p>\n","protected":false},"excerpt":{"rendered":"<p>21.02.2018 Pressemitteilung GR\u00dcNE zu Besuch beim KSV-Baunatal Auf Anregung unserer Stadtverordnetenfraktion trafen sich der GR\u00dcNE Stadtrat J\u00fcrgen B\u00f6hme und der GR\u00dcNE Fraktionsvorsitzende Edmund Borschel sowie sein Stellvertreter Lothar Rost \u00a0mit&#8230; <\/p>\n","protected":false},"author":6,"featured_media":1172,"comment_status":"closed","ping_status":"open","sticky":false,"template":"","format":"standard","meta":{"ngg_post_thumbnail":0},"categories":[1],"tags":[],"_links":{"self":[{"href":"http:\/\/gruene-lk-ks.de\/baunatal\/wp-json\/wp\/v2\/posts\/1170"}],"collection":[{"href":"http:\/\/gruene-lk-ks.de\/baunatal\/wp-json\/wp\/v2\/posts"}],"about":[{"href":"http:\/\/gruene-lk-ks.de\/baunatal\/wp-json\/wp\/v2\/types\/post"}],"author":[{"embeddable":true,"href":"http:\/\/gruene-lk-ks.de\/baunatal\/wp-json\/wp\/v2\/users\/6"}],"replies":[{"embeddable":true,"href":"http:\/\/gruene-lk-ks.de\/baunatal\/wp-json\/wp\/v2\/comments?post=1170"}],"version-history":[{"count":2,"href":"http:\/\/gruene-lk-ks.de\/baunatal\/wp-json\/wp\/v2\/posts\/1170\/revisions"}],"predecessor-version":[{"id":1173,"href":"http:\/\/gruene-lk-ks.de\/baunatal\/wp-json\/wp\/v2\/posts\/1170\/revisions\/1173"}],"wp:featuredmedia":[{"embeddable":true,"href":"http:\/\/gruene-lk-ks.de\/baunatal\/wp-json\/wp\/v2\/media\/1172"}],"wp:attachment":[{"href":"http:\/\/gruene-lk-ks.de\/baunatal\/wp-json\/wp\/v2\/media?parent=1170"}],"wp:term":[{"taxonomy":"category","embeddable":true,"href":"http:\/\/gruene-lk-ks.de\/baunatal\/wp-json\/wp\/v2\/categories?post=1170"},{"taxonomy":"post_tag","embeddable":true,"href":"http:\/\/gruene-lk-ks.de\/baunatal\/wp-json\/wp\/v2\/tags?post=1170"}],"curies":[{"name":"wp","href":"https:\/\/api.w.org\/{rel}","templated":true}]}}