{"id":1206,"date":"2018-03-25T14:16:57","date_gmt":"2018-03-25T12:16:57","guid":{"rendered":"http:\/\/gruene-lk-ks.de\/baunatal\/?p=1206"},"modified":"2018-03-25T14:27:47","modified_gmt":"2018-03-25T12:27:47","slug":"jahreshauptversammlung-der-gruenen-baunatal","status":"publish","type":"post","link":"http:\/\/gruene-lk-ks.de\/baunatal\/jahreshauptversammlung-der-gruenen-baunatal\/","title":{"rendered":"Jahreshauptversammlung der GR\u00dcNEN-Baunatal"},"content":{"rendered":"<p style=\"text-align: right\">28.03.2018<\/p>\n<p>Pressemitteilung<\/p>\n<p><strong>Jahreshauptversammlung der GR\u00dcNEN-Baunatal<\/strong><\/p>\n<p>Mitte M\u00e4rz 2018 fand die <strong>Jahreshauptversammlung der GR\u00dcNEN-Baunatal<\/strong> im Cafe\u00b4 \u201eAtempause\u201c in der KSV-Sportwelt mit einem leckeren und gesunden Buffet statt, an der zahlreiche Mitglieder und G\u00e4ste teilnahmen.<\/p>\n<div id=\"attachment_1208\" class=\"wp-caption alignleft\" style=\"width: 333px\"><a class=\"fancybox\" rel=\"gallery1206\" href=\"http:\/\/gruene-lk-ks.de\/baunatal\/files\/2018\/03\/IMG_4297.jpg\"><img loading=\"lazy\" class=\"wp-image-1208\" src=\"http:\/\/gruene-lk-ks.de\/baunatal\/files\/2018\/03\/IMG_4297-800x533.jpg\" alt=\"\" width=\"333\" height=\"222\" srcset=\"http:\/\/gruene-lk-ks.de\/baunatal\/files\/2018\/03\/IMG_4297-800x533.jpg 800w, http:\/\/gruene-lk-ks.de\/baunatal\/files\/2018\/03\/IMG_4297-400x267.jpg 400w, http:\/\/gruene-lk-ks.de\/baunatal\/files\/2018\/03\/IMG_4297-768x512.jpg 768w, http:\/\/gruene-lk-ks.de\/baunatal\/files\/2018\/03\/IMG_4297-150x100.jpg 150w\" sizes=\"(max-width: 333px) 100vw, 333px\" \/><\/a><p class=\"wp-caption-text\">Reinhold Orth berichtet aus dem Kreisverband<\/p><\/div>\n<p>Vom Kreisvorstand der GR\u00dcNEN Kassel-Land konnten wir <strong>Susanne Regier und Reinhold Orth<\/strong> begr\u00fc\u00dfen. Die <strong>Direktkandidatin f\u00fcr die Landtagswahl<\/strong> am 28.10.2018\u00a0 <strong>Susanne Regier<\/strong> im Wahlkreis 2, Kassel-Land II und unser Baunataler Mitglied und Umweltexperte <strong>Juri St\u00f6lzner<\/strong> (Direktkandidat im Wahlkreis 1, Kassel-Land I) stellten sich und ihre Ziele im Wahlkampf vor. Die Bedeutung eines guten Wahlergebnisses f\u00fcr die GR\u00dcNEN in Nordhessen und besonders in unseren beiden Wahlkreisen wurde hervorgehoben, denn wir sind die treibende Kraft in den Bereichen Umweltschutz, Klimaschutz, Verbraucherschutz, Sozial- und Bildungspolitik aber auch auf den zukunftsweisenden Gebieten wie E-Mobilit\u00e4t und Datenkontrolle, wie der j\u00fcngste Facebook-Skandal erneut plastisch vor Augen f\u00fchrt.<\/p>\n<p>Der <strong>Vorstandssprecher Lothar Rost<\/strong> berichtete \u00fcber das vergangene Jahr mit einer Reihe von Veranstaltungen und Besuchen und bedankte sich bei allen Helfern und Unterst\u00fctzern.<\/p>\n<div id=\"attachment_1209\" class=\"wp-caption alignright\" style=\"width: 333px\"><a class=\"fancybox\" rel=\"gallery1206\" href=\"http:\/\/gruene-lk-ks.de\/baunatal\/files\/2018\/03\/IMG_4307.jpg\"><img loading=\"lazy\" class=\"wp-image-1209\" src=\"http:\/\/gruene-lk-ks.de\/baunatal\/files\/2018\/03\/IMG_4307-800x533.jpg\" alt=\"\" width=\"333\" height=\"222\" srcset=\"http:\/\/gruene-lk-ks.de\/baunatal\/files\/2018\/03\/IMG_4307-800x533.jpg 800w, http:\/\/gruene-lk-ks.de\/baunatal\/files\/2018\/03\/IMG_4307-400x267.jpg 400w, http:\/\/gruene-lk-ks.de\/baunatal\/files\/2018\/03\/IMG_4307-768x512.jpg 768w, http:\/\/gruene-lk-ks.de\/baunatal\/files\/2018\/03\/IMG_4307-150x100.jpg 150w\" sizes=\"(max-width: 333px) 100vw, 333px\" \/><\/a><p class=\"wp-caption-text\">Der neue Vorstand (v.l.) Juri, J\u00fcrgen, Monika, Lothar, Ede, Florian<\/p><\/div>\n<p>Die gute Pressearbeit von Ede Borschel, J\u00fcrgen B\u00f6hme und Florian Pfeiffer wurde erneut durch den Vorstand gelobt.<\/p>\n<p>Im Bericht des <strong>Fraktionsvorsitzenden Edmund Borschel<\/strong> fanden die zahlreichen GR\u00dcNEN Antr\u00e4ge und Aktivit\u00e4ten im Stadtparlament Erw\u00e4hnung mit den Schwerpunkten \u201ebezahlbare Mieten, Klimaschutz und Energieeinsparungen in st\u00e4dtischen Geb\u00e4uden\u201c.<\/p>\n<p>Nach dem Kassenbericht des Schatzmeisters J\u00fcrgen B\u00f6hme wurde dem Vorstand und dem Kassierer einstimmig Entlastung erteilt.<\/p>\n<p>Bei den anstehenden <strong>Neuwahlen<\/strong> wurden folgende Mitglieder gew\u00e4hlt:<\/p>\n<p><strong><u>Vorstand<\/u><\/strong><strong>: Juliane Kothe \/ Lothar Rost<\/strong><\/p>\n<p><strong><u>Beisitzer<\/u><\/strong><strong>: Monika Woizeschke-Br\u00fcck, Ede Borschel, Florian Pfeiffer (Jugendpolitischer Sprecher), Juri St\u00f6lzner<\/strong><\/p>\n<p><strong><u>Schatzmeister<\/u><\/strong><strong>: J\u00fcrgen B\u00f6hme<\/strong><\/p>\n<p>Den ausgeschiedenen Beisitzern <strong>Dr. Kamela Mohtezebsade und Dzemila Hukara<\/strong> dankte Lothar Rost f\u00fcr ihr Engagement in den vergangenen 4 Jahren.<\/p>\n<p>Im Jahr 2018 sind folgende <strong>Veranstaltungen der GR\u00dcNEN-Baunatal<\/strong> geplant:<\/p>\n<ul>\n<li>Film und Vortr\u00e4ge zu Umweltthemen im Cineplex &#8211; Kino am 12.05.2018<\/li>\n<li>Vortrag \u201eTrinkwasser &#8211; Enth\u00e4rtung\u201c im August<\/li>\n<li>Wahlparty \u2013 Grillfest zur Landtagswahl im August<\/li>\n<li>Film und Vortr\u00e4ge zu PV &#8211; Anlagen im Cineplex \u2013 Kino im September<\/li>\n<li>j\u00e4hrliches K\u00fcrbisfest im Herbst in der M\u00fchle in Guntershausen<\/li>\n<\/ul>\n<p>Die Fraktionsvorsitzende im Kreistag Monika Woizeschke-Br\u00fcck berichtete abschlie\u00dfend \u00fcber die GR\u00dcNEN-Aktivit\u00e4ten im Kreis, vor allem im Bereich E-Mobilit\u00e4t sowie zum Tier-, Arten- und Klimaschutz.<\/p>\n","protected":false},"excerpt":{"rendered":"<p>28.03.2018 Pressemitteilung Jahreshauptversammlung der GR\u00dcNEN-Baunatal Mitte M\u00e4rz 2018 fand die Jahreshauptversammlung der GR\u00dcNEN-Baunatal im Cafe\u00b4 \u201eAtempause\u201c in der KSV-Sportwelt mit einem leckeren und gesunden Buffet statt, an der zahlreiche Mitglieder&#8230; <\/p>\n","protected":false},"author":6,"featured_media":1208,"comment_status":"closed","ping_status":"open","sticky":false,"template":"","format":"standard","meta":{"ngg_post_thumbnail":0},"categories":[1,7100],"tags":[],"_links":{"self":[{"href":"http:\/\/gruene-lk-ks.de\/baunatal\/wp-json\/wp\/v2\/posts\/1206"}],"collection":[{"href":"http:\/\/gruene-lk-ks.de\/baunatal\/wp-json\/wp\/v2\/posts"}],"about":[{"href":"http:\/\/gruene-lk-ks.de\/baunatal\/wp-json\/wp\/v2\/types\/post"}],"author":[{"embeddable":true,"href":"http:\/\/gruene-lk-ks.de\/baunatal\/wp-json\/wp\/v2\/users\/6"}],"replies":[{"embeddable":true,"href":"http:\/\/gruene-lk-ks.de\/baunatal\/wp-json\/wp\/v2\/comments?post=1206"}],"version-history":[{"count":3,"href":"http:\/\/gruene-lk-ks.de\/baunatal\/wp-json\/wp\/v2\/posts\/1206\/revisions"}],"predecessor-version":[{"id":1211,"href":"http:\/\/gruene-lk-ks.de\/baunatal\/wp-json\/wp\/v2\/posts\/1206\/revisions\/1211"}],"wp:featuredmedia":[{"embeddable":true,"href":"http:\/\/gruene-lk-ks.de\/baunatal\/wp-json\/wp\/v2\/media\/1208"}],"wp:attachment":[{"href":"http:\/\/gruene-lk-ks.de\/baunatal\/wp-json\/wp\/v2\/media?parent=1206"}],"wp:term":[{"taxonomy":"category","embeddable":true,"href":"http:\/\/gruene-lk-ks.de\/baunatal\/wp-json\/wp\/v2\/categories?post=1206"},{"taxonomy":"post_tag","embeddable":true,"href":"http:\/\/gruene-lk-ks.de\/baunatal\/wp-json\/wp\/v2\/tags?post=1206"}],"curies":[{"name":"wp","href":"https:\/\/api.w.org\/{rel}","templated":true}]}}