{"id":1224,"date":"2018-05-29T12:57:00","date_gmt":"2018-05-29T10:57:00","guid":{"rendered":"http:\/\/gruene-lk-ks.de\/baunatal\/?p=1224"},"modified":"2018-05-29T12:57:00","modified_gmt":"2018-05-29T10:57:00","slug":"umwelttag-der-gruenen-im-cineplex-baunatal","status":"publish","type":"post","link":"http:\/\/gruene-lk-ks.de\/baunatal\/umwelttag-der-gruenen-im-cineplex-baunatal\/","title":{"rendered":"Umwelttag der GR\u00dcNEN im CINEPLEX Baunatal"},"content":{"rendered":"<p style=\"text-align: right\">17.5.2018<\/p>\n<p>Pressemitteilung<\/p>\n<p><strong><u>Umwelttag der GR\u00dcNEN im CINEPLEX Baunatal<\/u><\/strong><\/p>\n<p><a class=\"fancybox\" rel=\"gallery1224\" href=\"http:\/\/gruene-lk-ks.de\/baunatal\/files\/2018\/05\/IMG_4399.jpg\"><img loading=\"lazy\" class=\"alignleft wp-image-1226\" src=\"http:\/\/gruene-lk-ks.de\/baunatal\/files\/2018\/05\/IMG_4399-800x533.jpg\" alt=\"\" width=\"333\" height=\"222\" srcset=\"http:\/\/gruene-lk-ks.de\/baunatal\/files\/2018\/05\/IMG_4399-800x533.jpg 800w, http:\/\/gruene-lk-ks.de\/baunatal\/files\/2018\/05\/IMG_4399-400x267.jpg 400w, http:\/\/gruene-lk-ks.de\/baunatal\/files\/2018\/05\/IMG_4399-768x512.jpg 768w, http:\/\/gruene-lk-ks.de\/baunatal\/files\/2018\/05\/IMG_4399-150x100.jpg 150w\" sizes=\"(max-width: 333px) 100vw, 333px\" \/><\/a>Bei ihrem 3. Umweltaktionstag im CINEPLEX-KINO in Baunatal unter dem Thema \u201cArtenreichtum erhalten! &#8211; Was k\u00f6nnen wir tun?\u201c konnten die GR\u00dcNEN Baunatal wieder zahlreiche Besucher*innen begr\u00fc\u00dfen. Diesmal standen die Bienen und der Honig im Zentrum. In Kooperation mit dem Imkerverein Kassel, dem NABU-HABICHTSWALD mit der HGON und der Fa. Blattwerker wurden die beiden Filmvorf\u00fchrungen inhaltlich mit Info-St\u00e4nden auf der Empore des CINEPLEX begleitet. Der Dokumentarfilm \u201cMore than Honey\u201c, von Markus Imhoof, und f\u00fcr unsere J\u00fcngsten der Animationsfilm \u201cBee-Movie \u2013 Das Honigkomplott\u201c begeisterte nicht nur unsere G\u00e4ste, sondern lie\u00df aufgrund der eindrucksvollen Bilder auch Raum zum Nachdenken. Da der Eintritt frei war (Dank geht dabei an das CINEPLEX f\u00fcr die Bereitstellung der R\u00e4ume und die Stadt Baunatal) konnten mehr als 120 Kinder, Jugendliche und Erwachsene die Filme sowie die von der GR\u00dcNEN Jugend Kassel zubereiteten Fingerfood-Snacks genie\u00dfen. F\u00fcr die Kleinsten gab es nach dem Film gesunde Vollkornbrot-Kostproben, mit Honig von nordhessischen Imkern, die rei\u00dfenden Absatz fanden. <\/p>\n<p><a class=\"fancybox\" rel=\"gallery1224\" href=\"http:\/\/gruene-lk-ks.de\/baunatal\/files\/2018\/05\/IMG_4395.jpg\"><img loading=\"lazy\" class=\"wp-image-1225 alignright\" src=\"http:\/\/gruene-lk-ks.de\/baunatal\/files\/2018\/05\/IMG_4395-800x533.jpg\" alt=\"\" width=\"333\" height=\"222\" srcset=\"http:\/\/gruene-lk-ks.de\/baunatal\/files\/2018\/05\/IMG_4395-800x533.jpg 800w, http:\/\/gruene-lk-ks.de\/baunatal\/files\/2018\/05\/IMG_4395-400x267.jpg 400w, http:\/\/gruene-lk-ks.de\/baunatal\/files\/2018\/05\/IMG_4395-768x512.jpg 768w, http:\/\/gruene-lk-ks.de\/baunatal\/files\/2018\/05\/IMG_4395-150x100.jpg 150w\" sizes=\"(max-width: 333px) 100vw, 333px\" \/><\/a> Das Fachwissen kam auch nicht zu kurz, als <strong>Juri St\u00f6lzner<\/strong>, heimischer Diplom-Biologe und Direktkandidat der GR\u00dcNEN im Wahlkreis 01 Kassel-Land bei der Landtagswahl im Oktober 2018, auf die Gefahren f\u00fcr die Umwelt, d.h. Fauna und Flora hinwies, was u.a. durch den teilweise extensiven Einsatz von Pestiziden und Fungiziden geschieht, nicht nur in der Landwirtschaft sondern auch im \u00f6ffentlichen Raum und sogar in G\u00e4rten. Der j\u00fcngste Zuwachs an \u00f6kologisch ausgerichteten Landwirtschaftsbetrieben in Hessen (aktuell ca. 2.100 H\u00f6fe) ist ein positives Signal in die andere Richtung, welches wir Verbraucher durch den Kauf der dort erzeugten Produkte unterst\u00fctzen k\u00f6nnen. Gleichzeitig dient es unserer Gesundheit. Ebenso bieten mehr Bl\u00fch- und Feldrandstreifen statt gro\u00dffl\u00e4chige Monokulturen den Bienen vielf\u00e4ltigeren Bl\u00fctenstand und damit \u201cNahrungsquellen\u201c.<\/p>\n<p>Aus der GR\u00dcNEN Landtagsfraktion boten als kompetente Gespr\u00e4chspartnerinnen die Landtagsabgeordnete <strong>Martina Feldmayer\u00a0<\/strong>(Landwirtschaftliche Sprecherin) und MdL <strong>Karin<\/strong><strong>M\u00fcller\u00a0<\/strong>(Verkehrsexpertin aus Kassel) im Austausch mit den B\u00fcrger*innen Einblicke in die aktuelle Landespolitik. (s. Foto)<\/p>\n<a class=\"fancybox\" rel=\"gallery1224\" href=\"http:\/\/gruene-lk-ks.de\/baunatal\/files\/2018\/05\/IMG_4404.jpg\"><img loading=\"lazy\" class=\"wp-image-1227 alignleft\" src=\"http:\/\/gruene-lk-ks.de\/baunatal\/files\/2018\/05\/IMG_4404-800x533.jpg\" alt=\"\" width=\"333\" height=\"222\" srcset=\"http:\/\/gruene-lk-ks.de\/baunatal\/files\/2018\/05\/IMG_4404-800x533.jpg 800w, http:\/\/gruene-lk-ks.de\/baunatal\/files\/2018\/05\/IMG_4404-400x267.jpg 400w, http:\/\/gruene-lk-ks.de\/baunatal\/files\/2018\/05\/IMG_4404-768x512.jpg 768w, http:\/\/gruene-lk-ks.de\/baunatal\/files\/2018\/05\/IMG_4404-150x100.jpg 150w\" sizes=\"(max-width: 333px) 100vw, 333px\" \/><\/a>\n<p>Im Namen der GR\u00dcNEN bedankte sich nach dem Film der Baunataler Fraktionsvorsitzende\u00a0 <strong>Edmund Borschel\u00a0<\/strong>bei allen Partnern, die zur Ausgestaltung\u00a0und zum Gelingen des Tages beigetragen haben, f\u00fcr die professionelle Zusammenarbeit, sowie bei allen Besucher*innen, die nach den Filmen hoffentlich als Multiplikator*innen wirken, zum Schutz der Umwelt. Der Empfang auf der Empore mit Getr\u00e4nken und Snacks, lie\u00df den informativen Tag ausklingen.<\/p>\n<p>Sollten Sie mehr \u00fcber die Arbeit der GR\u00dcNEN\u00a0Baunatal erfahren wollen, schauen Sie bitte auf unsere Homepage <a href=\"http:\/\/www.gruene-baunatal.de\/\">www.gruene-baunatal.de<\/a>oder besuchen Sie unsere \u00f6ffentlichen Sitzungen. Besser noch: arbeiten Sie bei uns mit und wenn es Ihnen Spa\u00df macht und Ihnen z.B. die Umwelt und nachhaltige Energienutzung am Herzen liegen, werden Sie doch einfach Mitglied. <strong>Bei uns liegen Sie richtig!<\/strong><\/p>\n","protected":false},"excerpt":{"rendered":"<p>17.5.2018 Pressemitteilung Umwelttag der GR\u00dcNEN im CINEPLEX Baunatal Bei ihrem 3. Umweltaktionstag im CINEPLEX-KINO in Baunatal unter dem Thema \u201cArtenreichtum erhalten! &#8211; Was k\u00f6nnen wir tun?\u201c konnten die GR\u00dcNEN Baunatal&#8230; <\/p>\n","protected":false},"author":6,"featured_media":1225,"comment_status":"closed","ping_status":"open","sticky":false,"template":"","format":"standard","meta":{"ngg_post_thumbnail":0},"categories":[7100],"tags":[],"_links":{"self":[{"href":"http:\/\/gruene-lk-ks.de\/baunatal\/wp-json\/wp\/v2\/posts\/1224"}],"collection":[{"href":"http:\/\/gruene-lk-ks.de\/baunatal\/wp-json\/wp\/v2\/posts"}],"about":[{"href":"http:\/\/gruene-lk-ks.de\/baunatal\/wp-json\/wp\/v2\/types\/post"}],"author":[{"embeddable":true,"href":"http:\/\/gruene-lk-ks.de\/baunatal\/wp-json\/wp\/v2\/users\/6"}],"replies":[{"embeddable":true,"href":"http:\/\/gruene-lk-ks.de\/baunatal\/wp-json\/wp\/v2\/comments?post=1224"}],"version-history":[{"count":8,"href":"http:\/\/gruene-lk-ks.de\/baunatal\/wp-json\/wp\/v2\/posts\/1224\/revisions"}],"predecessor-version":[{"id":1235,"href":"http:\/\/gruene-lk-ks.de\/baunatal\/wp-json\/wp\/v2\/posts\/1224\/revisions\/1235"}],"wp:featuredmedia":[{"embeddable":true,"href":"http:\/\/gruene-lk-ks.de\/baunatal\/wp-json\/wp\/v2\/media\/1225"}],"wp:attachment":[{"href":"http:\/\/gruene-lk-ks.de\/baunatal\/wp-json\/wp\/v2\/media?parent=1224"}],"wp:term":[{"taxonomy":"category","embeddable":true,"href":"http:\/\/gruene-lk-ks.de\/baunatal\/wp-json\/wp\/v2\/categories?post=1224"},{"taxonomy":"post_tag","embeddable":true,"href":"http:\/\/gruene-lk-ks.de\/baunatal\/wp-json\/wp\/v2\/tags?post=1224"}],"curies":[{"name":"wp","href":"https:\/\/api.w.org\/{rel}","templated":true}]}}