{"id":1236,"date":"2018-05-29T13:02:05","date_gmt":"2018-05-29T11:02:05","guid":{"rendered":"http:\/\/gruene-lk-ks.de\/baunatal\/?p=1236"},"modified":"2018-05-29T13:02:05","modified_gmt":"2018-05-29T11:02:05","slug":"einweihung-wohnpflegeheim","status":"publish","type":"post","link":"http:\/\/gruene-lk-ks.de\/baunatal\/einweihung-wohnpflegeheim\/","title":{"rendered":"Einweihung Wohnpflegeheim"},"content":{"rendered":"<p style=\"text-align: right\">30.05.2018<\/p>\n<p>Pressemitteilung<\/p>\n<p><strong>Einweihung Wohnpflegeheim<\/strong><\/p>\n<div id=\"attachment_1238\" class=\"wp-caption alignleft\" style=\"width: 333px\"><a class=\"fancybox\" rel=\"gallery1236\" href=\"http:\/\/gruene-lk-ks.de\/baunatal\/files\/2018\/05\/2018_PM_Mai-5_Gertrudenstift_foto-1.jpg\"><img loading=\"lazy\" class=\"wp-image-1238\" src=\"http:\/\/gruene-lk-ks.de\/baunatal\/files\/2018\/05\/2018_PM_Mai-5_Gertrudenstift_foto-1-800x450.jpg\" alt=\"\" width=\"333\" height=\"187\" srcset=\"http:\/\/gruene-lk-ks.de\/baunatal\/files\/2018\/05\/2018_PM_Mai-5_Gertrudenstift_foto-1-800x450.jpg 800w, http:\/\/gruene-lk-ks.de\/baunatal\/files\/2018\/05\/2018_PM_Mai-5_Gertrudenstift_foto-1-400x225.jpg 400w, http:\/\/gruene-lk-ks.de\/baunatal\/files\/2018\/05\/2018_PM_Mai-5_Gertrudenstift_foto-1-768x432.jpg 768w, http:\/\/gruene-lk-ks.de\/baunatal\/files\/2018\/05\/2018_PM_Mai-5_Gertrudenstift_foto-1-150x84.jpg 150w\" sizes=\"(max-width: 333px) 100vw, 333px\" \/><\/a><p class=\"wp-caption-text\">Gut besuchte Einweihungsfeier mit Gottesdienst<\/p><\/div>\n<p>Auf Einladung durch die Vorst\u00e4nde, Martin Mittelbach und Christian Beyer vom\u00a0<strong>Evangelisch-Lutherischen Gertrudenstift<\/strong>, nahmen seitens der GR\u00dcNEN Baunatal der\u00a0<strong>Fraktionsvorsitzende Edmund Borschel und sein Stellvertreter Lothar Rost <\/strong>Anfang Mai 2018 an der <strong>Einweihung des Wohnpflegeheims \u201cJunge Pflege\u201c<\/strong>teil.\u00a0Die Feierstunde mit Musikbegleitung durch einen Posaunenchor, Gesang und einem w\u00fcrdigen Gottesdienst fand bei den geladenen G\u00e4sten und Anwohnern aus dem Ortsteil Gro\u00dfenritte regen Zuspruch.<\/p>\n<p>Das Wohnpflegeheim mit ca. 2.500 m\u00b2 Grundfl\u00e4che bietet Raum f\u00fcr drei Wohngruppen mit jeweils zehn Personen.\u00a0Alle Bewohnerzimmer sind mit einem behindertengerechten Bad ausgestattet.\u00a0Zentrale Elemente der drei Wohnbereiche sind ein offener Innenhof sowie ein Sinnesgarten, diverse Therapier\u00e4ume und ein Pflegebad.\u00a0Eine Caf\u00e9teria dient als Begegnungsst\u00e4tte zwischen Bewohnern und Besuchern.\u00a0Ein Besucherzimmer erm\u00f6glicht zudem G\u00e4sten einen Kurzaufenthalt \u00fcber Nacht bei Bedarf.<\/p>\n<p>Im Wohnpflegeheim leben junge pflegebed\u00fcrftige Menschen von 18 bis 64 Jahre, die nach schweren Schicksalsschl\u00e4gen auf Unterst\u00fctzung in Form einer Langzeittherapie angewiesen sind. Bisher konnten junge Menschen mit diesen Krankheitsverl\u00e4ufen nur\u00a0 in Altenpflegeeinrichtungen untergebracht werden.<\/p>\n<p>Das Mehrgenerationenkonzept er\u00f6ffnet die M\u00f6glichkeit, das Leben in der Gemeinschaft zu erfahren und somit Teilhabe am sozialen Umfeld zu haben. Dies w\u00fcnschen wir GR\u00dcNE allen Bewohnern und ihren Angeh\u00f6rigen.<\/p>\n<div id=\"attachment_1239\" class=\"wp-caption alignright\" style=\"width: 333px\"><a class=\"fancybox\" rel=\"gallery1236\" href=\"http:\/\/gruene-lk-ks.de\/baunatal\/files\/2018\/05\/2018_PM_Mai-5_Gertrudenstift_foto-2.jpg\"><img loading=\"lazy\" class=\"wp-image-1239\" src=\"http:\/\/gruene-lk-ks.de\/baunatal\/files\/2018\/05\/2018_PM_Mai-5_Gertrudenstift_foto-2-800x600.jpg\" alt=\"\" width=\"333\" height=\"250\" srcset=\"http:\/\/gruene-lk-ks.de\/baunatal\/files\/2018\/05\/2018_PM_Mai-5_Gertrudenstift_foto-2-800x600.jpg 800w, http:\/\/gruene-lk-ks.de\/baunatal\/files\/2018\/05\/2018_PM_Mai-5_Gertrudenstift_foto-2-400x300.jpg 400w, http:\/\/gruene-lk-ks.de\/baunatal\/files\/2018\/05\/2018_PM_Mai-5_Gertrudenstift_foto-2-768x576.jpg 768w, http:\/\/gruene-lk-ks.de\/baunatal\/files\/2018\/05\/2018_PM_Mai-5_Gertrudenstift_foto-2-150x113.jpg 150w\" sizes=\"(max-width: 333px) 100vw, 333px\" \/><\/a><p class=\"wp-caption-text\">Ein gelungenes Bauprojekt am Gertrudenstift oberhalb von Gro\u00dfenritte<\/p><\/div>\n<p>Der Schwerpunkt liegt in dem Zusammenleben verschiedener Generationen:<\/p>\n<ul>\n<li>Die Kindertagesst\u00e4tte \u201eKleine Maulw\u00fcrfe\u201c<\/li>\n<li>Das Altenpflegeheim \u201eGertrudenstift\u201c<\/li>\n<li>\u201eBetreutes Wohnen\u201c im Heimverbund<\/li>\n<\/ul>\n<p>Auch unter \u00f6kologischen und energetischen Gesichtpunkten hat die neue Einrichtung einiges zu bieten, da sie nach Passivhaus-Standard gebaut wurde, was nicht nur der Umwelt hilft, sondern auch Energiekosten spart.<\/p>\n","protected":false},"excerpt":{"rendered":"<p>30.05.2018 Pressemitteilung Einweihung Wohnpflegeheim Auf Einladung durch die Vorst\u00e4nde, Martin Mittelbach und Christian Beyer vom\u00a0Evangelisch-Lutherischen Gertrudenstift, nahmen seitens der GR\u00dcNEN Baunatal der\u00a0Fraktionsvorsitzende Edmund Borschel und sein Stellvertreter Lothar Rost Anfang&#8230; <\/p>\n","protected":false},"author":6,"featured_media":1239,"comment_status":"closed","ping_status":"open","sticky":false,"template":"","format":"standard","meta":{"ngg_post_thumbnail":0},"categories":[1],"tags":[],"_links":{"self":[{"href":"http:\/\/gruene-lk-ks.de\/baunatal\/wp-json\/wp\/v2\/posts\/1236"}],"collection":[{"href":"http:\/\/gruene-lk-ks.de\/baunatal\/wp-json\/wp\/v2\/posts"}],"about":[{"href":"http:\/\/gruene-lk-ks.de\/baunatal\/wp-json\/wp\/v2\/types\/post"}],"author":[{"embeddable":true,"href":"http:\/\/gruene-lk-ks.de\/baunatal\/wp-json\/wp\/v2\/users\/6"}],"replies":[{"embeddable":true,"href":"http:\/\/gruene-lk-ks.de\/baunatal\/wp-json\/wp\/v2\/comments?post=1236"}],"version-history":[{"count":2,"href":"http:\/\/gruene-lk-ks.de\/baunatal\/wp-json\/wp\/v2\/posts\/1236\/revisions"}],"predecessor-version":[{"id":1240,"href":"http:\/\/gruene-lk-ks.de\/baunatal\/wp-json\/wp\/v2\/posts\/1236\/revisions\/1240"}],"wp:featuredmedia":[{"embeddable":true,"href":"http:\/\/gruene-lk-ks.de\/baunatal\/wp-json\/wp\/v2\/media\/1239"}],"wp:attachment":[{"href":"http:\/\/gruene-lk-ks.de\/baunatal\/wp-json\/wp\/v2\/media?parent=1236"}],"wp:term":[{"taxonomy":"category","embeddable":true,"href":"http:\/\/gruene-lk-ks.de\/baunatal\/wp-json\/wp\/v2\/categories?post=1236"},{"taxonomy":"post_tag","embeddable":true,"href":"http:\/\/gruene-lk-ks.de\/baunatal\/wp-json\/wp\/v2\/tags?post=1236"}],"curies":[{"name":"wp","href":"https:\/\/api.w.org\/{rel}","templated":true}]}}