{"id":1242,"date":"2018-06-06T08:35:43","date_gmt":"2018-06-06T06:35:43","guid":{"rendered":"http:\/\/gruene-lk-ks.de\/baunatal\/?p=1242"},"modified":"2018-06-06T08:35:43","modified_gmt":"2018-06-06T06:35:43","slug":"besuch-bei-der-feuerwehr-baunatal","status":"publish","type":"post","link":"http:\/\/gruene-lk-ks.de\/baunatal\/besuch-bei-der-feuerwehr-baunatal\/","title":{"rendered":"Besuch bei der Feuerwehr Baunatal"},"content":{"rendered":"<p style=\"text-align: right\">01.06.2018<\/p>\n<p>Pressemitteilung<\/p>\n<p><strong>Besuch bei der Feuerwehr Baunatal<\/strong><\/p>\n<p>Unser GR\u00dcNER Stadtrat <strong>J\u00fcrgen B\u00f6hme <\/strong>und die GR\u00dcNEN Stadtverordneten<\/p>\n<p><strong>Stefanie Braun<\/strong>, sowie der Fraktionsvorsitzende <strong>Edmund Borschel <\/strong>und sein Stellvertreter\u00a0 <strong>Lothar Rost<\/strong>f\u00fchrten Anfang Mai 2018 mit dem <strong>Stadtbrandinspektor Ralf Seitz<\/strong>ein Informationsgespr\u00e4ch.<\/p>\n<div id=\"attachment_1245\" class=\"wp-caption alignleft\" style=\"width: 333px\"><a class=\"fancybox\" rel=\"gallery1242\" href=\"http:\/\/gruene-lk-ks.de\/baunatal\/files\/2018\/06\/IMG_4371.jpg\"><img loading=\"lazy\" class=\"wp-image-1245\" src=\"http:\/\/gruene-lk-ks.de\/baunatal\/files\/2018\/06\/IMG_4371-800x533.jpg\" alt=\"\" width=\"333\" height=\"222\" srcset=\"http:\/\/gruene-lk-ks.de\/baunatal\/files\/2018\/06\/IMG_4371-800x533.jpg 800w, http:\/\/gruene-lk-ks.de\/baunatal\/files\/2018\/06\/IMG_4371-400x267.jpg 400w, http:\/\/gruene-lk-ks.de\/baunatal\/files\/2018\/06\/IMG_4371-768x512.jpg 768w, http:\/\/gruene-lk-ks.de\/baunatal\/files\/2018\/06\/IMG_4371-150x100.jpg 150w\" sizes=\"(max-width: 333px) 100vw, 333px\" \/><\/a><p class=\"wp-caption-text\">Die neue Schutzkleidung bietet Sicherheit<\/p><\/div>\n<p>Dabei erl\u00e4uterte Herr Seitz, dass noch in allen sieben Stadtteilen Feuerwehren mit unterschiedlicher St\u00e4rke und verschiedenen Aufgabenbereichen existieren. (Hertingshausen ist wieder im Aufbau)<\/p>\n<p>Die Feuerwehr Baunatal besteht aus der Einsatzabteilung (17-60 Jahre) mit ca. 240 Mitgliedern, einer Jugendfeuerwehr (10-17 Jahre) mit ca. 100 Mitgliedern, einer Kinderfeuerwehr (6-10 Jahre) mit ca. 15 Mitgliedern und einer Altersabteilung von ehemals aktiven Mitgliedern.<\/p>\n<p>Auf der Feuerwache Baunatal\u00a0 in Altenbauna sind 5 hauptamtliche Kr\u00e4fte besch\u00e4ftigt, und es sind dort 22 Fahrzeuge im Einsatz. Das Aufgabenspektrum reicht von allgemeinen Brandeins\u00e4tzen und Gefahrguteins\u00e4tzen, technischen Hilfeleistungen bis hin zu Personenrettungen. Die Feuerwehr Baunatal ist im Schnitt rund 300 Mal pro Jahr im Einsatz (die gesetzliche Hilfspflicht\u00a0 bei einem Einsatz ist unter 10 Minuten) und verrichtet den Dienst ehrenamtlich und unentgeltlich zum Schutz und Wohle der Allgemeinheit.<\/p>\n<div id=\"attachment_1246\" class=\"wp-caption alignright\" style=\"width: 333px\"><a class=\"fancybox\" rel=\"gallery1242\" href=\"http:\/\/gruene-lk-ks.de\/baunatal\/files\/2018\/06\/IMG_4374.jpg\"><img loading=\"lazy\" class=\"wp-image-1246\" src=\"http:\/\/gruene-lk-ks.de\/baunatal\/files\/2018\/06\/IMG_4374-800x533.jpg\" alt=\"\" width=\"333\" height=\"222\" srcset=\"http:\/\/gruene-lk-ks.de\/baunatal\/files\/2018\/06\/IMG_4374-800x533.jpg 800w, http:\/\/gruene-lk-ks.de\/baunatal\/files\/2018\/06\/IMG_4374-400x267.jpg 400w, http:\/\/gruene-lk-ks.de\/baunatal\/files\/2018\/06\/IMG_4374-768x512.jpg 768w, http:\/\/gruene-lk-ks.de\/baunatal\/files\/2018\/06\/IMG_4374-150x100.jpg 150w\" sizes=\"(max-width: 333px) 100vw, 333px\" \/><\/a><p class=\"wp-caption-text\">Stadtbrandinspektor Seitz (r.) erl\u00e4utert den GR\u00dcNEN Mandatstr\u00e4gern Lothar Rost, Steffi Braun, J\u00fcrgen B\u00f6hme (v.l.) das Einsatzfahrzeug<\/p><\/div>\n<p>Im Produktbereich Brandschutz in Altenbauna werden Dienstleistungen f\u00fcr die Stadt Baunatal und andere Kommunen (mit Leistungsabrechnungen) erbracht. In einem Bedarfsentwicklungsplan werden die notwendigen Investitionen mit der Brandschutzkommission ermittelt,\u00a0 und dieser ist Grundlage f\u00fcr die j\u00e4hrlich bereitzustellenden Mittel bei den Haushaltsberatungen.<\/p>\n<p>Auch in der \u00d6ffentlichkeit kritisch diskutierte Themen, wie die Beleuchtung des Geb\u00e4udes im Au\u00dfenbereich bei Nacht und die Parkplatzsituation, wurden angesprochen und einvernehmlich gekl\u00e4rt.<\/p>\n<p>Bei einem Rundgang durch die Einrichtung konnten verschiedene Arbeitsbereiche von den ehrenamtlichen GR\u00dcNEN Mandatstr\u00e4gern pers\u00f6nlich in Augenschein genommen werden, wie die Fahrzeughalle, die\u00a0 moderne Schlauchreinigungsanlage und die Einsatzzentrale.<\/p>\n<p>Die GR\u00dcNE-Stadtverordnetenfraktion bedankt sich bei Herrn Seitz f\u00fcr das angenehme und offene Gespr\u00e4ch.<\/p>\n","protected":false},"excerpt":{"rendered":"<p>01.06.2018 Pressemitteilung Besuch bei der Feuerwehr Baunatal Unser GR\u00dcNER Stadtrat J\u00fcrgen B\u00f6hme und die GR\u00dcNEN Stadtverordneten Stefanie Braun, sowie der Fraktionsvorsitzende Edmund Borschel und sein Stellvertreter\u00a0 Lothar Rostf\u00fchrten Anfang Mai&#8230; <\/p>\n","protected":false},"author":6,"featured_media":1246,"comment_status":"closed","ping_status":"open","sticky":false,"template":"","format":"standard","meta":{"ngg_post_thumbnail":0},"categories":[1],"tags":[],"_links":{"self":[{"href":"http:\/\/gruene-lk-ks.de\/baunatal\/wp-json\/wp\/v2\/posts\/1242"}],"collection":[{"href":"http:\/\/gruene-lk-ks.de\/baunatal\/wp-json\/wp\/v2\/posts"}],"about":[{"href":"http:\/\/gruene-lk-ks.de\/baunatal\/wp-json\/wp\/v2\/types\/post"}],"author":[{"embeddable":true,"href":"http:\/\/gruene-lk-ks.de\/baunatal\/wp-json\/wp\/v2\/users\/6"}],"replies":[{"embeddable":true,"href":"http:\/\/gruene-lk-ks.de\/baunatal\/wp-json\/wp\/v2\/comments?post=1242"}],"version-history":[{"count":4,"href":"http:\/\/gruene-lk-ks.de\/baunatal\/wp-json\/wp\/v2\/posts\/1242\/revisions"}],"predecessor-version":[{"id":1248,"href":"http:\/\/gruene-lk-ks.de\/baunatal\/wp-json\/wp\/v2\/posts\/1242\/revisions\/1248"}],"wp:featuredmedia":[{"embeddable":true,"href":"http:\/\/gruene-lk-ks.de\/baunatal\/wp-json\/wp\/v2\/media\/1246"}],"wp:attachment":[{"href":"http:\/\/gruene-lk-ks.de\/baunatal\/wp-json\/wp\/v2\/media?parent=1242"}],"wp:term":[{"taxonomy":"category","embeddable":true,"href":"http:\/\/gruene-lk-ks.de\/baunatal\/wp-json\/wp\/v2\/categories?post=1242"},{"taxonomy":"post_tag","embeddable":true,"href":"http:\/\/gruene-lk-ks.de\/baunatal\/wp-json\/wp\/v2\/tags?post=1242"}],"curies":[{"name":"wp","href":"https:\/\/api.w.org\/{rel}","templated":true}]}}