{"id":1250,"date":"2018-06-24T13:57:16","date_gmt":"2018-06-24T11:57:16","guid":{"rendered":"http:\/\/gruene-lk-ks.de\/baunatal\/?p=1250"},"modified":"2018-06-30T08:05:56","modified_gmt":"2018-06-30T06:05:56","slug":"einweihung-der-gruenanlage-in-der-huhnsecke","status":"publish","type":"post","link":"http:\/\/gruene-lk-ks.de\/baunatal\/einweihung-der-gruenanlage-in-der-huhnsecke\/","title":{"rendered":"Einweihung der Gr\u00fcnanlage in der Huhnsecke"},"content":{"rendered":"<p style=\"text-align: right\">07.06.2018<\/p>\n<p>Pressemitteilung<\/p>\n<p><strong>Einweihung der Gr\u00fcnanlage in der Huhnsecke<\/strong><\/p>\n<p>Zur Einweihung der umgestalteten Gr\u00fcnanlage in der Huhnsecke in Gro\u00dfenritte am 06.06.2018 nahmen der GR\u00dcNE Fraktionsvorsitzende<strong>Edmund Borschel <\/strong>und seinStellvertreter<strong>Lothar Rost <\/strong>\u00a0teil.<\/p>\n<div id=\"attachment_1257\" class=\"wp-caption alignleft\" style=\"width: 333px\"><a class=\"fancybox\" rel=\"gallery1250\" href=\"http:\/\/gruene-lk-ks.de\/baunatal\/files\/2018\/06\/2018_PM_Juni-1_Huhnsecke_foto-1.jpg\"><img loading=\"lazy\" class=\"wp-image-1257\" src=\"http:\/\/gruene-lk-ks.de\/baunatal\/files\/2018\/06\/2018_PM_Juni-1_Huhnsecke_foto-1-800x600.jpg\" alt=\"\" width=\"333\" height=\"250\" srcset=\"http:\/\/gruene-lk-ks.de\/baunatal\/files\/2018\/06\/2018_PM_Juni-1_Huhnsecke_foto-1-800x600.jpg 800w, http:\/\/gruene-lk-ks.de\/baunatal\/files\/2018\/06\/2018_PM_Juni-1_Huhnsecke_foto-1-400x300.jpg 400w, http:\/\/gruene-lk-ks.de\/baunatal\/files\/2018\/06\/2018_PM_Juni-1_Huhnsecke_foto-1-768x576.jpg 768w, http:\/\/gruene-lk-ks.de\/baunatal\/files\/2018\/06\/2018_PM_Juni-1_Huhnsecke_foto-1-150x113.jpg 150w\" sizes=\"(max-width: 333px) 100vw, 333px\" \/><\/a><p class=\"wp-caption-text\">Bei Super Wetter werden interessierte Anwohner und Stadtverordnete von Mitarbeitern des Rathauses \u00fcber den neuen Rundweg informiert<\/p><\/div>\n<p>Die Renaturierungsma\u00dfnahmen an der Leisel gelten als Ausgleichsma\u00dfnahmen f\u00fcr diverse Baugebiete, in denen Versiegelungen stattfanden. Nach aufw\u00e4ndiger Beseitigung mehrerer Altablagerungen in diesem Bereich sind die umfangreichen Umgestaltungsma\u00dfnahmen\u00a0 jetzt abgeschlossen.<\/p>\n<p>Aufgrund von Vorgaben des Bebauungsplans \u201eIn der Huhnsecke\u201c wurden im Uferbereich der Leisel Verbesserungen der gew\u00e4sser- und landschafts\u00f6kologischen Funktion des Baches\u00a0 umgesetzt. Dies beinhaltet u.a. die Anlage zus\u00e4tzlicher wasserf\u00fchrender Sonderstandorte und Biotopstrukturen, sowie die Schaffung feuchtnasser Standorte, die aber auch, je nach Niederschlagsmenge gelegentlich trockenfallen k\u00f6nnen.<\/p>\n<p>Die Gr\u00fcnfl\u00e4che zwischen Uferzone und den Bahngleisen wurde als Erholungsraum f\u00fcr die Anwohner Gro\u00dfenrittes, vor allem entlang des Trinewegs gestaltet.<\/p>\n<div id=\"attachment_1258\" class=\"wp-caption alignright\" style=\"width: 333px\"><a class=\"fancybox\" rel=\"gallery1250\" href=\"http:\/\/gruene-lk-ks.de\/baunatal\/files\/2018\/06\/2018_PM_Juni-1_Huhnsecke_foto-2.jpg\"><img loading=\"lazy\" class=\"wp-image-1258\" src=\"http:\/\/gruene-lk-ks.de\/baunatal\/files\/2018\/06\/2018_PM_Juni-1_Huhnsecke_foto-2-800x600.jpg\" alt=\"\" width=\"333\" height=\"250\" srcset=\"http:\/\/gruene-lk-ks.de\/baunatal\/files\/2018\/06\/2018_PM_Juni-1_Huhnsecke_foto-2-800x600.jpg 800w, http:\/\/gruene-lk-ks.de\/baunatal\/files\/2018\/06\/2018_PM_Juni-1_Huhnsecke_foto-2-400x300.jpg 400w, http:\/\/gruene-lk-ks.de\/baunatal\/files\/2018\/06\/2018_PM_Juni-1_Huhnsecke_foto-2-768x576.jpg 768w, http:\/\/gruene-lk-ks.de\/baunatal\/files\/2018\/06\/2018_PM_Juni-1_Huhnsecke_foto-2-150x113.jpg 150w\" sizes=\"(max-width: 333px) 100vw, 333px\" \/><\/a><p class=\"wp-caption-text\">Ein Blick auf neuangelegte Feuchtbiotope<\/p><\/div>\n<p>Dazwischen verl\u00e4uft ein neu hergestellter Weg mit Sitz- und Aufenthaltsm\u00f6glichkeiten, die zum Verweilen und Entspannen in der Natur einladen. Zu den Feuchtbiotopen hin, soll\u00a0 am Wegesrand das Gras nur zweimal im Jahr gem\u00e4ht werden, w\u00e4hrend auf der gegen\u00fcberliegenden Streuobstwiese Schafe das Gras im Verlauf des Jahres abweiden k\u00f6nnen.<\/p>\n<p>Eine gelungene Mischung zum Bewahren naturnaher R\u00e4ume, mit biologischer Vielfalt f\u00fcr Fauna und Flora und zum Erhalt unserer Gesundheit. Hier wurden grundlegende GR\u00dcNE Ziele in Baunatal konkret umgesetzt, was wir begr\u00fc\u00dfen.<\/p>\n<p>Unsere letzte <strong>\u00f6ffentliche<\/strong><strong>GR\u00dcNE-Fraktionssitzung mit B\u00fcrgersprechstunde vor der Sommerpause <\/strong>findet am Montag, den 25.06.2018, um 19.00 Uhr im Vereinshaus in Altenritte, Ritterstra\u00dfe 1, statt. Hier soll, nach dem pl\u00f6tzlichen und tragischen Tod unseres \u00fcber Parteigrenzen hinweg anerkannten B\u00fcrgermeisters Manfred Schaub, ein Ausblick auf die bevorstehende B\u00fcrgermeisterwahl aber auch die Landtagswahl im Oktober 2018 gegeben werden. Alle politisch interessierten Baunateler B\u00fcrgerinnen und B\u00fcrger sind herzlich eingeladen, sich zu informieren und ihre Meinung einzubringen.<\/p>\n","protected":false},"excerpt":{"rendered":"<p>07.06.2018 Pressemitteilung Einweihung der Gr\u00fcnanlage in der Huhnsecke Zur Einweihung der umgestalteten Gr\u00fcnanlage in der Huhnsecke in Gro\u00dfenritte am 06.06.2018 nahmen der GR\u00dcNE FraktionsvorsitzendeEdmund Borschel und seinStellvertreterLothar Rost \u00a0teil. Die&#8230; <\/p>\n","protected":false},"author":6,"featured_media":1258,"comment_status":"closed","ping_status":"open","sticky":false,"template":"","format":"standard","meta":{"ngg_post_thumbnail":0},"categories":[1],"tags":[],"_links":{"self":[{"href":"http:\/\/gruene-lk-ks.de\/baunatal\/wp-json\/wp\/v2\/posts\/1250"}],"collection":[{"href":"http:\/\/gruene-lk-ks.de\/baunatal\/wp-json\/wp\/v2\/posts"}],"about":[{"href":"http:\/\/gruene-lk-ks.de\/baunatal\/wp-json\/wp\/v2\/types\/post"}],"author":[{"embeddable":true,"href":"http:\/\/gruene-lk-ks.de\/baunatal\/wp-json\/wp\/v2\/users\/6"}],"replies":[{"embeddable":true,"href":"http:\/\/gruene-lk-ks.de\/baunatal\/wp-json\/wp\/v2\/comments?post=1250"}],"version-history":[{"count":3,"href":"http:\/\/gruene-lk-ks.de\/baunatal\/wp-json\/wp\/v2\/posts\/1250\/revisions"}],"predecessor-version":[{"id":1259,"href":"http:\/\/gruene-lk-ks.de\/baunatal\/wp-json\/wp\/v2\/posts\/1250\/revisions\/1259"}],"wp:featuredmedia":[{"embeddable":true,"href":"http:\/\/gruene-lk-ks.de\/baunatal\/wp-json\/wp\/v2\/media\/1258"}],"wp:attachment":[{"href":"http:\/\/gruene-lk-ks.de\/baunatal\/wp-json\/wp\/v2\/media?parent=1250"}],"wp:term":[{"taxonomy":"category","embeddable":true,"href":"http:\/\/gruene-lk-ks.de\/baunatal\/wp-json\/wp\/v2\/categories?post=1250"},{"taxonomy":"post_tag","embeddable":true,"href":"http:\/\/gruene-lk-ks.de\/baunatal\/wp-json\/wp\/v2\/tags?post=1250"}],"curies":[{"name":"wp","href":"https:\/\/api.w.org\/{rel}","templated":true}]}}