{"id":1252,"date":"2018-06-24T13:57:34","date_gmt":"2018-06-24T11:57:34","guid":{"rendered":"http:\/\/gruene-lk-ks.de\/baunatal\/?p=1252"},"modified":"2018-06-30T08:10:24","modified_gmt":"2018-06-30T06:10:24","slug":"feldbegehung-mit-bio-landwirt-in-rengershausen","status":"publish","type":"post","link":"http:\/\/gruene-lk-ks.de\/baunatal\/feldbegehung-mit-bio-landwirt-in-rengershausen\/","title":{"rendered":"Feldbegehung mit Bio-Landwirt in Rengershausen"},"content":{"rendered":"<p style=\"text-align: right\">07.06.2018<\/p>\n<p>Pressemitteilung<\/p>\n<p><strong>Feldbegehung mit Bio-Landwirt in Rengershausen<\/strong><\/p>\n<div id=\"attachment_1263\" class=\"wp-caption alignright\" style=\"width: 333px\"><a class=\"fancybox\" rel=\"gallery1252\" href=\"http:\/\/gruene-lk-ks.de\/baunatal\/files\/2018\/06\/IMG_4530.jpg\"><img loading=\"lazy\" class=\"wp-image-1263\" src=\"http:\/\/gruene-lk-ks.de\/baunatal\/files\/2018\/06\/IMG_4530-800x533.jpg\" alt=\"\" width=\"333\" height=\"222\" srcset=\"http:\/\/gruene-lk-ks.de\/baunatal\/files\/2018\/06\/IMG_4530-800x533.jpg 800w, http:\/\/gruene-lk-ks.de\/baunatal\/files\/2018\/06\/IMG_4530-400x267.jpg 400w, http:\/\/gruene-lk-ks.de\/baunatal\/files\/2018\/06\/IMG_4530-768x512.jpg 768w, http:\/\/gruene-lk-ks.de\/baunatal\/files\/2018\/06\/IMG_4530-150x100.jpg 150w\" sizes=\"(max-width: 333px) 100vw, 333px\" \/><\/a><p class=\"wp-caption-text\">Bernd Krug mit dem \u201cj\u00fcngsten Nachwuchs\u201c auf seinem Hof<\/p><\/div>\n<p>Bei sonnigem Wetter und angenehmen Temperaturen versammelten sich zahlreiche Rengersh\u00e4user Anwohner*innen, um mit dem ortsans\u00e4ssigen Bio-Landwirt <strong>Bernd Krug <\/strong>eine Flurbegehung zu unternehmen. Der Einladung des Kreisbauernverbands folgten auch die Baunataler FDP Stadtverordnete <strong>Gisela Harte<\/strong>, der CDU Abgeordnete <strong>Gerhard Sell<\/strong>und der GR\u00dcNE Fraktionsvorsitzende<strong>Edmund Borschel.<\/strong><\/p>\n<p>Informativ und in launigen Worten f\u00fchrte Bioland-Wirt Krug durch die Gemarkung, verwies auf die Kriterien zur Anerkennung als <strong>\u00a0Biolandbetrieb <\/strong>und\u00a0 konnte dokumentieren, dass die seit Jahrhunderten erforderlich angewandte Dreifelderwirtschaft auch heute noch mit der wechselnden Fruchtfolge funktioniert. Mit den auf seinem Land geernteten Feldfr\u00fcchten Weizen, Gerste, Zuckerr\u00fcben, Gras\u00a0und Futtermais versorgt er seine Milchk\u00fche.<\/p>\n<p>Landwirt Krug hat seinen Betrieb vor etwas mehr als zwei Jahren auf Bioland-Qualit\u00e4t umgestellt und bietet aktuell seine Milch per Direktvermarktung auf dem Hof an. Regionale Wertsch\u00f6pfung in der Landwirtschaft erh\u00e4lt einen immer gr\u00f6\u00dferen Stellenwert.<\/p>\n<div id=\"attachment_1262\" class=\"wp-caption alignleft\" style=\"width: 333px\"><a class=\"fancybox\" rel=\"gallery1252\" href=\"http:\/\/gruene-lk-ks.de\/baunatal\/files\/2018\/06\/IMG_4534.jpg\"><img loading=\"lazy\" class=\"wp-image-1262\" src=\"http:\/\/gruene-lk-ks.de\/baunatal\/files\/2018\/06\/IMG_4534-800x533.jpg\" alt=\"\" width=\"333\" height=\"222\" srcset=\"http:\/\/gruene-lk-ks.de\/baunatal\/files\/2018\/06\/IMG_4534-800x533.jpg 800w, http:\/\/gruene-lk-ks.de\/baunatal\/files\/2018\/06\/IMG_4534-400x267.jpg 400w, http:\/\/gruene-lk-ks.de\/baunatal\/files\/2018\/06\/IMG_4534-768x512.jpg 768w, http:\/\/gruene-lk-ks.de\/baunatal\/files\/2018\/06\/IMG_4534-150x100.jpg 150w\" sizes=\"(max-width: 333px) 100vw, 333px\" \/><\/a><p class=\"wp-caption-text\">Erfreulich: Phaselien als Bl\u00fchstreifen zur Insektenansiedlung in der Feldflur<\/p><\/div>\n<p>Die GR\u00dcNEN Baunatal begr\u00fc\u00dfen es, dass neben dem seit Jahren wirtschaftenden Biohof-Eisenach in Guntershausen ein weiterer Hof in Baunatal \u00f6kologisch und nachhaltig seine Felder bewirtschaftet. So kann das Bewahren naturnaher R\u00e4ume, mit biologischer Vielfalt f\u00fcr Fauna und Flora und zum Erhalt unserer Gesundheit erfolgreich umgesetzt werden. GR\u00dcNE hessische Landwirtschaftspolitik der letzten 5 Jahre unter Ministerin Priska Hinz, mit inzwischen mehr als 2.100 Bio-Land-Betrieben in Hessen ist inzwischen ein Erfolgsmodell. Nun werden grundlegende GR\u00dcNE Ziele auch in Baunatal konkret umgesetzt, was wir begr\u00fc\u00dfen.<\/p>\n<p>Unsere letzte <strong>\u00f6ffentliche<\/strong><strong>GR\u00dcNE-Fraktionssitzung mit B\u00fcrgersprechstunde vor der Sommerpause <\/strong>findet am Montag, den 25.06.2018, um 19.00 Uhr im Vereinshaus in Altenritte, Ritterstra\u00dfe 1, statt. Dort wird, nach dem pl\u00f6tzlichen und tragischen Tod unseres \u00fcber Parteigrenzen hinweg anerkannten B\u00fcrgermeisters Manfred Schaub, ein Ausblick auf die nun gemeinsam durchzuf\u00fchrende B\u00fcrgermeisterwahl und Landtagswahl am 28. Oktober 2018 gegeben.<\/p>\n","protected":false},"excerpt":{"rendered":"<p>07.06.2018 Pressemitteilung Feldbegehung mit Bio-Landwirt in Rengershausen Bei sonnigem Wetter und angenehmen Temperaturen versammelten sich zahlreiche Rengersh\u00e4user Anwohner*innen, um mit dem ortsans\u00e4ssigen Bio-Landwirt Bernd Krug eine Flurbegehung zu unternehmen. Der&#8230; <\/p>\n","protected":false},"author":6,"featured_media":1263,"comment_status":"closed","ping_status":"open","sticky":false,"template":"","format":"standard","meta":{"ngg_post_thumbnail":0},"categories":[1],"tags":[],"_links":{"self":[{"href":"http:\/\/gruene-lk-ks.de\/baunatal\/wp-json\/wp\/v2\/posts\/1252"}],"collection":[{"href":"http:\/\/gruene-lk-ks.de\/baunatal\/wp-json\/wp\/v2\/posts"}],"about":[{"href":"http:\/\/gruene-lk-ks.de\/baunatal\/wp-json\/wp\/v2\/types\/post"}],"author":[{"embeddable":true,"href":"http:\/\/gruene-lk-ks.de\/baunatal\/wp-json\/wp\/v2\/users\/6"}],"replies":[{"embeddable":true,"href":"http:\/\/gruene-lk-ks.de\/baunatal\/wp-json\/wp\/v2\/comments?post=1252"}],"version-history":[{"count":4,"href":"http:\/\/gruene-lk-ks.de\/baunatal\/wp-json\/wp\/v2\/posts\/1252\/revisions"}],"predecessor-version":[{"id":1265,"href":"http:\/\/gruene-lk-ks.de\/baunatal\/wp-json\/wp\/v2\/posts\/1252\/revisions\/1265"}],"wp:featuredmedia":[{"embeddable":true,"href":"http:\/\/gruene-lk-ks.de\/baunatal\/wp-json\/wp\/v2\/media\/1263"}],"wp:attachment":[{"href":"http:\/\/gruene-lk-ks.de\/baunatal\/wp-json\/wp\/v2\/media?parent=1252"}],"wp:term":[{"taxonomy":"category","embeddable":true,"href":"http:\/\/gruene-lk-ks.de\/baunatal\/wp-json\/wp\/v2\/categories?post=1252"},{"taxonomy":"post_tag","embeddable":true,"href":"http:\/\/gruene-lk-ks.de\/baunatal\/wp-json\/wp\/v2\/tags?post=1252"}],"curies":[{"name":"wp","href":"https:\/\/api.w.org\/{rel}","templated":true}]}}