{"id":1267,"date":"2018-07-02T10:58:36","date_gmt":"2018-07-02T08:58:36","guid":{"rendered":"http:\/\/gruene-lk-ks.de\/baunatal\/?p=1267"},"modified":"2018-08-02T13:07:06","modified_gmt":"2018-08-02T11:07:06","slug":"gruene-kreistagsabgeordnete-besuchen-baunataler-friedrich-ebert-schule","status":"publish","type":"post","link":"http:\/\/gruene-lk-ks.de\/baunatal\/gruene-kreistagsabgeordnete-besuchen-baunataler-friedrich-ebert-schule\/","title":{"rendered":"GR\u00dcNE Kreistagsabgeordnete besuchen Baunataler Friedrich-Ebert-Schule"},"content":{"rendered":"<p style=\"text-align: right\">30.06.2018<\/p>\n<p>Pressemitteilung<\/p>\n<p><strong>GR\u00dcNE Kreistagsabgeordnete besuchen Baunataler Friedrich-Ebert-Schule<\/strong><\/p>\n<p>Kurz vor den Sommerferien besuchten die Kreistagsabgeordnete<strong>Susanne Regier\u00a0<\/strong>(Vellmar) und der lokale Stellvertretende Fraktionsvorsitzende der GR\u00dcNEN Kreistagsfraktion <strong>Edmund Borschel<\/strong>die Friedrich-Ebert-Grundschule (<strong>FES<\/strong>) am Baunsberg in Baunatal. Gespr\u00e4chspartner auf Schulseite waren der Schulleiter <strong>Helmut Ellenberg <\/strong>und seine Stellvertreterin <strong>Bettina Wei\u00df.<\/strong><\/p>\n<div id=\"attachment_1268\" class=\"wp-caption alignleft\" style=\"width: 333px\"><a class=\"fancybox\" rel=\"gallery1267\" href=\"http:\/\/gruene-lk-ks.de\/baunatal\/files\/2018\/07\/FES_altneu.jpg\"><img loading=\"lazy\" class=\"wp-image-1268\" src=\"http:\/\/gruene-lk-ks.de\/baunatal\/files\/2018\/07\/FES_altneu-800x533.jpg\" alt=\"\" width=\"333\" height=\"222\" srcset=\"http:\/\/gruene-lk-ks.de\/baunatal\/files\/2018\/07\/FES_altneu-800x533.jpg 800w, http:\/\/gruene-lk-ks.de\/baunatal\/files\/2018\/07\/FES_altneu-400x267.jpg 400w, http:\/\/gruene-lk-ks.de\/baunatal\/files\/2018\/07\/FES_altneu-768x512.jpg 768w, http:\/\/gruene-lk-ks.de\/baunatal\/files\/2018\/07\/FES_altneu-150x100.jpg 150w\" sizes=\"(max-width: 333px) 100vw, 333px\" \/><\/a><p class=\"wp-caption-text\">Der Blick auf den \u201cAltbau\u201c der Schule vom Stadtteil aus ver\u00e4ndert sich<\/p><\/div>\n<p>Themen des Gedankenaustausches waren das Ganztagsprogramm der Schule, die Sprachf\u00f6rderung bei den Kindern mit Migrationshintergrund, die in den Klassen der FES aufgrund des Wohnumfelds am Baunsberg zahlreich vertreten sind, aber auch der Komplex Schulsozialarbeit, mit dem neuen UBUS-Landesprogramm. Die FES erh\u00e4lt daraus ab August eine zus\u00e4tzliche halbe Stelle. Frau Regier, als Mitglied des Sozialausschusses im Kreistag, interessierte besonders das letztgenannte Thema, da eine sinnvolle Koordinierung zwischen den bereits seit Jahren arbeitenden Schulsozialarbeitern des Landkreises und den neuen Landeskr\u00e4ften von den GR\u00dcNEN inzwischen im Kreistag angemahnt wird.<\/p>\n<p><strong>Edmund Borschel als Mitglied im Bildungs- und Schulausschuss des Kreistags <\/strong>lag vorrangig die Spracherziehung am Herzen, denn eine Chancengleichheit in der Bildung und im sp\u00e4teren Berufsleben ist nur bei guten Sprachkenntnissen gegeben. Hier kann die Schule in der begrenzten Zeit vieles leisten, aber ohne Unterst\u00fctzung aus dem Elternhaus sind die Erfolgsaussichten relativ begrenzt.<\/p>\n<p>Am Nachmittag stellt die\u00a0aktuelle \u201cGanztagsschule im Profil 2\u201c und der angegliederte Hort Flic Flac neben dem Mittagstisch den Kindern ein reichhaltiges Angebot an Aktivit\u00e4ten bereit.<\/p>\n<p>Ziel ist es, f\u00fcr einen Teil der Sch\u00fcler, nach Einwahl, das Ganztagsprogramm von morgens bis 14.30 Uhr anzubieten. Dies kann nach Fertigstellung des Anbaus erweitert angeboten werden, wenn die 12 neuen Klassenr\u00e4ume der aus allen N\u00e4hten platzenden Grundschule zur Verf\u00fcgung stehen.<\/p>\n<div id=\"attachment_1269\" class=\"wp-caption alignright\" style=\"width: 333px\"><a class=\"fancybox\" rel=\"gallery1267\" href=\"http:\/\/gruene-lk-ks.de\/baunatal\/files\/2018\/07\/FES-Anbau.jpg\"><img loading=\"lazy\" class=\"wp-image-1269\" src=\"http:\/\/gruene-lk-ks.de\/baunatal\/files\/2018\/07\/FES-Anbau-800x533.jpg\" alt=\"\" width=\"333\" height=\"222\" srcset=\"http:\/\/gruene-lk-ks.de\/baunatal\/files\/2018\/07\/FES-Anbau-800x533.jpg 800w, http:\/\/gruene-lk-ks.de\/baunatal\/files\/2018\/07\/FES-Anbau-400x267.jpg 400w, http:\/\/gruene-lk-ks.de\/baunatal\/files\/2018\/07\/FES-Anbau-768x512.jpg 768w, http:\/\/gruene-lk-ks.de\/baunatal\/files\/2018\/07\/FES-Anbau-150x100.jpg 150w\" sizes=\"(max-width: 333px) 100vw, 333px\" \/><\/a><p class=\"wp-caption-text\">Der Rohbau der FES Erweiterung steht inzwischen<\/p><\/div>\n<p>\u201cBei einer Vierz\u00fcgigkeit und aktuell mehr als 320 Sch\u00fclern am Standort k\u00f6nnte durch das Ausweisen weiterer Baugebiete am Baunsberg (demn\u00e4chst werden mehr als 300 neue Wohnungen fertiggestellt) und bei einem Zuzug vorrangig junger Familien mit Kindern schon bald\u00a0 ein erneuter Engpass im Raumangebot der Schule entstehen\u201c, merkte Edmund Borschel an. Hier gilt es fr\u00fchzeitig von st\u00e4dtischer und Kreisseite ein Augenmerk darauf zu richten, wie die Bev\u00f6lkerungsentwicklung in der kinder- und familienfreundlichen Stadt Baunatal verl\u00e4uft.<\/p>\n<p>Begleitet wurden die\u00a0beiden Kreistagsabgeordneten auch vom Baunataler Stadtverordneten\u00a0 <strong>Lothar<\/strong><strong>Rost<\/strong>, der im Arbeitskreis \u201cSoziale Stadt\u201c am Baunsberg die GR\u00dcNEN vertritt, und von daher einen genaueren Einlick in die Entwicklung dieses Stadtteils mit einer F\u00fclle von Herausforderungen hat.<\/p>\n<p>Herr Ellenberg als Schulleiter erhofft sich personell zumindest partiell eine Doppelsteckung in Deutsch und PC-Arbeit, damit die Sch\u00fcler*innen mit gro\u00dfen Sprachdefiziten besser gef\u00f6rdert werden k\u00f6nnen. Obwohl wir in Baunatal mit der Bildungskette \u201caus einem Guss\u201c von der Kita bis zum Schulabschluss Jahrgang 10 und den Hortangeboten schon viel erreicht haben, stellte sich heraus, dass die FES die einzige Grundschule in Baunatal ist, an der eine Schulkindbetreuung nicht kostenneutral bereitgestellt wird. Das st\u00e4dtische Angebot im Hort Flic Flac auf dem Gel\u00e4nde der FES dagegen wird wie alle anderen st\u00e4dtischen Horte von der Stadt Baunatal bezuschusst! Die GR\u00dcNEN boten an, dieses Thema im Sozialausschuss der Stavo und im Bildungsforum der Stadt anzusprechen.<\/p>\n<p>Wir danken Herrn Ellenberg und Frau Wei\u00df f\u00fcr das konstrukive und offene Gespr\u00e4ch.<\/p>\n","protected":false},"excerpt":{"rendered":"<p>30.06.2018 Pressemitteilung GR\u00dcNE Kreistagsabgeordnete besuchen Baunataler Friedrich-Ebert-Schule Kurz vor den Sommerferien besuchten die KreistagsabgeordneteSusanne Regier\u00a0(Vellmar) und der lokale Stellvertretende Fraktionsvorsitzende der GR\u00dcNEN Kreistagsfraktion Edmund Borscheldie Friedrich-Ebert-Grundschule (FES) am Baunsberg in&#8230; <\/p>\n","protected":false},"author":6,"featured_media":1269,"comment_status":"closed","ping_status":"open","sticky":false,"template":"","format":"standard","meta":{"ngg_post_thumbnail":0},"categories":[1],"tags":[],"_links":{"self":[{"href":"http:\/\/gruene-lk-ks.de\/baunatal\/wp-json\/wp\/v2\/posts\/1267"}],"collection":[{"href":"http:\/\/gruene-lk-ks.de\/baunatal\/wp-json\/wp\/v2\/posts"}],"about":[{"href":"http:\/\/gruene-lk-ks.de\/baunatal\/wp-json\/wp\/v2\/types\/post"}],"author":[{"embeddable":true,"href":"http:\/\/gruene-lk-ks.de\/baunatal\/wp-json\/wp\/v2\/users\/6"}],"replies":[{"embeddable":true,"href":"http:\/\/gruene-lk-ks.de\/baunatal\/wp-json\/wp\/v2\/comments?post=1267"}],"version-history":[{"count":2,"href":"http:\/\/gruene-lk-ks.de\/baunatal\/wp-json\/wp\/v2\/posts\/1267\/revisions"}],"predecessor-version":[{"id":1271,"href":"http:\/\/gruene-lk-ks.de\/baunatal\/wp-json\/wp\/v2\/posts\/1267\/revisions\/1271"}],"wp:featuredmedia":[{"embeddable":true,"href":"http:\/\/gruene-lk-ks.de\/baunatal\/wp-json\/wp\/v2\/media\/1269"}],"wp:attachment":[{"href":"http:\/\/gruene-lk-ks.de\/baunatal\/wp-json\/wp\/v2\/media?parent=1267"}],"wp:term":[{"taxonomy":"category","embeddable":true,"href":"http:\/\/gruene-lk-ks.de\/baunatal\/wp-json\/wp\/v2\/categories?post=1267"},{"taxonomy":"post_tag","embeddable":true,"href":"http:\/\/gruene-lk-ks.de\/baunatal\/wp-json\/wp\/v2\/tags?post=1267"}],"curies":[{"name":"wp","href":"https:\/\/api.w.org\/{rel}","templated":true}]}}