{"id":1279,"date":"2018-08-10T18:49:17","date_gmt":"2018-08-10T16:49:17","guid":{"rendered":"http:\/\/gruene-lk-ks.de\/baunatal\/?p=1279"},"modified":"2018-08-10T18:49:17","modified_gmt":"2018-08-10T16:49:17","slug":"gruene-nominieren-juri-stoelzner-als-bm-kandidaten","status":"publish","type":"post","link":"http:\/\/gruene-lk-ks.de\/baunatal\/gruene-nominieren-juri-stoelzner-als-bm-kandidaten\/","title":{"rendered":"GR\u00dcNE nominieren Juri St\u00f6lzner als BM-Kandidaten"},"content":{"rendered":"<p style=\"text-align: right\">08.08.2018<\/p>\n<p>Pressemitteilung<\/p>\n<p><strong>GR\u00dcNE nominieren Juri St\u00f6lzner als BM-Kandidaten<\/strong><\/p>\n<p><strong>Auf einer Mitgliederversammlung der GR\u00dcNEN wurde der Diplom-Biologe Juri St\u00f6lzner zum B\u00fcrgermeisterkandidaten in Baunatal<\/strong><strong>einstimmig<\/strong><strong>gew\u00e4hlt.<\/strong><\/p>\n<a class=\"fancybox\" rel=\"gallery1279\" href=\"http:\/\/gruene-lk-ks.de\/baunatal\/files\/2018\/08\/2018_BM-Wahl_Juri_Foto-1.jpg\"><img loading=\"lazy\" class=\"alignleft wp-image-1275\" src=\"http:\/\/gruene-lk-ks.de\/baunatal\/files\/2018\/08\/2018_BM-Wahl_Juri_Foto-1-800x1200.jpg\" alt=\"\" width=\"333\" height=\"500\" \/><\/a>\n<p>Nach dem tragischen Tod des \u00fcber die Parteigrenzen hinaus anerkannten B\u00fcrgermeisters Manfred Schaub haben die GR\u00dcNEN intensiv gerungen, ob und wen sie als eigenen Kandidaten zur B\u00fcrgermeisterwahl aufstellen. Letztlich war ausschlaggend den W\u00e4hler*innen in Baunatal einen Kandidaten zu pr\u00e4sentieren,\u00a0 der die Ziele der Umweltpartei vertritt und sie auch in seinem pers\u00f6nlichen und beruflichen Alltag lebt unter dem Motto: <strong>\u201eFrische Energie<\/strong><strong>f\u00fcr Baunatal\u201c<\/strong>. Dies verk\u00f6rpert der 36-j\u00e4hrige St\u00f6lzner uneingeschr\u00e4nkt.<\/p>\n<p>Seit 2009 arbeitet er beruflich im Umweltsektor und ist seit 2014 Gesellschafter eines naturschutzfachlichen B\u00fcros mit mehreren Mitarbeitern. Er erstellt faunistische Gutachten bei Gro\u00dfprojekten wie Windparks, Autobahnen, Flugh\u00e4fen sowie Bauvorhaben im innerst\u00e4dtischen Bereich und bewertet dabei Risiken f\u00fcr Fauna und Flora, mit der Spezialisierung auf V\u00f6gel und Flederm\u00e4use.<\/p>\n<p>Neben dem Schutz bedrohter Tierarten ist ihm auch Naturbildung wichtig, z.B. ist er aktiv bei Naturtagen in Schulen oder wie letztens bei einer gutbesuchten Veranstaltung der GR\u00dcNEN im CINEPLEX Baunatal zum Bienen- und Insektensterben. Dort pr\u00e4sentierte er die fachliche Einf\u00fchrung zum Dokumentarfilm \u201cMore\u00a0 than Honey\u201c.<\/p>\n<p>Politisch hat er sich f\u00fcr eine Mitgliedschaft bei den GR\u00dcNEN vor wenigen Jahren entschieden, wo er inzwischen im Vorstand des Kreisverbands Kassel-Land mitarbeitet, weil diese Partei Themen wie Umweltschutz, Artenvielfalt, nachhaltiger Umgang mit Ressourcen und Ma\u00dfnahmen gegen den Klimawandel auf der Agenda hat. Besonders in diesem hei\u00dfen Sommer wird auch dem Letzten bewusst, wie bedeutsam diese Bereiche inzwischen auch in Mitteleuropa sind.<\/p>\n<p>Einige seiner konkreten <strong>Ziele f\u00fcr Baunatal<\/strong>lauten:<\/p>\n<div id=\"attachment_1281\" class=\"wp-caption alignright\" style=\"width: 333px\"><a class=\"fancybox\" rel=\"gallery1279\" href=\"http:\/\/gruene-lk-ks.de\/baunatal\/files\/2018\/08\/IMG_4717.jpg\"><img loading=\"lazy\" class=\"wp-image-1281\" src=\"http:\/\/gruene-lk-ks.de\/baunatal\/files\/2018\/08\/IMG_4717-800x533.jpg\" alt=\"\" width=\"333\" height=\"222\" srcset=\"http:\/\/gruene-lk-ks.de\/baunatal\/files\/2018\/08\/IMG_4717-800x533.jpg 800w, http:\/\/gruene-lk-ks.de\/baunatal\/files\/2018\/08\/IMG_4717-400x267.jpg 400w, http:\/\/gruene-lk-ks.de\/baunatal\/files\/2018\/08\/IMG_4717-768x512.jpg 768w, http:\/\/gruene-lk-ks.de\/baunatal\/files\/2018\/08\/IMG_4717-150x100.jpg 150w\" sizes=\"(max-width: 333px) 100vw, 333px\" \/><\/a><p class=\"wp-caption-text\">Unser GR\u00dcNER B\u00fcrgermeisterkandidat: Diplom-Biologe Juri St\u00f6lzner<\/p><\/div>\n<p>Mehr lokale Klimaschutzinvestitionen,\u00a0 Ausbau Erneuerbarer Energien,\u00a0 \u201cF\u00f6rderprogramm Geb\u00e4udesanierung\u201c f\u00fcr B\u00fcrger*innen auflegen, energetische Sanierung aller st\u00e4dtischen Geb\u00e4ude, weniger Fl\u00e4chenverbrauch f\u00fcr Siedlungs-und Verkehrsfl\u00e4chen, Baul\u00fcckenbebauung vor Neubaugebieten, mehr Doppel- und Reihenh\u00e4user f\u00fcr junge Familien, bezahlbare und barrierefreie (Sozial-)Wohnungen, energiesparende und schadstoffarme Verkehrstr\u00e4ger (z.B. E-Mobile im \u00f6rtlichen \u00d6PNV mit Kleinbuskonzepten), weiterer Ausbau des Radwegenetzes, Bereitstellen eines zuverl\u00e4ssigen Kita- und Schulangebots incl. sprachlicher F\u00f6rderung von Kindern aus sozialbenachteiligten Familien, mehr Eigenverantwortung in allen Fachbereichen im Rathaus, bessere Transparenz bei Personalentscheidungen in der Verwaltung, verantwortungsvoller und nachhaltiger Umgang mit dem st\u00e4dtischen Budget.<\/p>\n<p>Juri St\u00f6lzner m\u00f6chte <strong>ein B\u00fcrgermeister f\u00fcr alle Baunataler*innen<\/strong>sein, ob jung oder alt, Neub\u00fcrger*innen oder Baunataler Urgesteine\u00a0und f\u00fcr alle Parteiungebundenen.\u00a0Auch wenn\u00a0 die\u00a0 SPD seit Jahrzehnten die Geschicke der Stadt mit ihrer absoluten Mehrheit dominiert, sollte bei einer Personenwahl, wie der des B\u00fcrgermeisters, nicht vorrangig das SPD-Parteibuch bestimmen, wer die beste Besetzung f\u00fcr diesen Posten ist. Sprechen Sie bitte Juri und uns GR\u00dcNE bei beiden Wahlk\u00e4mpfen im Oktober 2018 Ihr Vertrauen aus, denn wir haben schon oft und nicht nur in der Stadtverordnetenversammlung bewiesen: <strong>\u201cGR\u00dcN ist gut f\u00fcr Baunatal!\u201c<\/strong><\/p>\n<p><strong><u>Veranstaltungshinweise:<\/u><\/strong><\/p>\n<p><strong>Samstag,\u00a0 11.08.2018, 13 Uhr<\/strong>, \u201c<strong>\u00d6kologisches Geocaching\u201c mit Juri St\u00f6lzner <\/strong>im Wald von Baunatal<strong>&#8211;<\/strong>Guntershausen. Treffpunkt: in Guntershausen,<strong>An der Wasserm\u00fchle 10.<\/strong><\/p>\n<p><strong>Freitag, den 17.08.2018,\u00a0 17.00 Uhr, Infoveranstaltung \u201eWasserenth\u00e4rtung\u201c, bei der Firma Kopp<\/strong>Haustechnik, Flensburger Str. 1a, Baunatal \u2013 Gro\u00dfenritte<\/p>\n","protected":false},"excerpt":{"rendered":"<p>08.08.2018 Pressemitteilung GR\u00dcNE nominieren Juri St\u00f6lzner als BM-Kandidaten Auf einer Mitgliederversammlung der GR\u00dcNEN wurde der Diplom-Biologe Juri St\u00f6lzner zum B\u00fcrgermeisterkandidaten in Baunataleinstimmiggew\u00e4hlt. Nach dem tragischen Tod des \u00fcber die Parteigrenzen&#8230; <\/p>\n","protected":false},"author":6,"featured_media":1281,"comment_status":"closed","ping_status":"open","sticky":false,"template":"","format":"standard","meta":{"ngg_post_thumbnail":0},"categories":[1],"tags":[],"_links":{"self":[{"href":"http:\/\/gruene-lk-ks.de\/baunatal\/wp-json\/wp\/v2\/posts\/1279"}],"collection":[{"href":"http:\/\/gruene-lk-ks.de\/baunatal\/wp-json\/wp\/v2\/posts"}],"about":[{"href":"http:\/\/gruene-lk-ks.de\/baunatal\/wp-json\/wp\/v2\/types\/post"}],"author":[{"embeddable":true,"href":"http:\/\/gruene-lk-ks.de\/baunatal\/wp-json\/wp\/v2\/users\/6"}],"replies":[{"embeddable":true,"href":"http:\/\/gruene-lk-ks.de\/baunatal\/wp-json\/wp\/v2\/comments?post=1279"}],"version-history":[{"count":2,"href":"http:\/\/gruene-lk-ks.de\/baunatal\/wp-json\/wp\/v2\/posts\/1279\/revisions"}],"predecessor-version":[{"id":1282,"href":"http:\/\/gruene-lk-ks.de\/baunatal\/wp-json\/wp\/v2\/posts\/1279\/revisions\/1282"}],"wp:featuredmedia":[{"embeddable":true,"href":"http:\/\/gruene-lk-ks.de\/baunatal\/wp-json\/wp\/v2\/media\/1281"}],"wp:attachment":[{"href":"http:\/\/gruene-lk-ks.de\/baunatal\/wp-json\/wp\/v2\/media?parent=1279"}],"wp:term":[{"taxonomy":"category","embeddable":true,"href":"http:\/\/gruene-lk-ks.de\/baunatal\/wp-json\/wp\/v2\/categories?post=1279"},{"taxonomy":"post_tag","embeddable":true,"href":"http:\/\/gruene-lk-ks.de\/baunatal\/wp-json\/wp\/v2\/tags?post=1279"}],"curies":[{"name":"wp","href":"https:\/\/api.w.org\/{rel}","templated":true}]}}