{"id":1283,"date":"2018-08-14T14:18:49","date_gmt":"2018-08-14T12:18:49","guid":{"rendered":"http:\/\/gruene-lk-ks.de\/baunatal\/?p=1283"},"modified":"2018-08-15T09:25:12","modified_gmt":"2018-08-15T07:25:12","slug":"einladung-zur-infoveranstaltung-wasserenthaertung","status":"publish","type":"post","link":"http:\/\/gruene-lk-ks.de\/baunatal\/einladung-zur-infoveranstaltung-wasserenthaertung\/","title":{"rendered":"Einladung zur Infoveranstaltung \u201eWasserenth\u00e4rtung\u201c"},"content":{"rendered":"<p><strong>Liebe Baunataler*innen!<\/strong><\/p>\n<p><strong>Haben Sie sich auch schon \u00fcber zu viel Kalk in unserem Leitungswasser ge\u00e4rgert? &#8211; Wann haben Sie Ihren Wasserkocher oder Ihre Kaffeemaschine entkalkt? &#8211; Suchen Sie nach Alternativen, aber haben noch nichts gefunden?\u00a0<\/strong><strong>Dann schauen Sie doch unverbindlich vorbei und informieren sich.<\/strong><\/p>\n<p><strong><u>Einladung zur Infoveranstaltung \u201eWasserenth\u00e4rtung\u201c<\/u><\/strong><\/p>\n<p>am <strong>Freitag, den 17.08.2018, um 17.00 Uhr<\/strong><\/p>\n<p><strong>bei der Firma Kopp\u00a0<\/strong>Haustechnik, Flensburger Str. 1a, Baunatal \u2013 Gro\u00dfenritte<\/p>\n<p>Programm:<\/p>\n<p>17:00 Uhr \u2013 <strong>Vortrag zum Thema Wasserenth\u00e4rtung\u00a0<\/strong>durch die Firma Gr\u00fcnbeck.\u00a0Lernen Sie die Vorteile weichen Wassers kennen und erfahren Sie das Neueste rund um das Thema innovative Enth\u00e4rtungstechnik.<\/p>\n<p>17:45 Uhr \u2013 Austausch und gem\u00fctliches Beisammensein bei Bratwurst und Getr\u00e4nken. Eintritt und Verpflegung sind frei!<\/p>\n<p><strong>Die GR\u00dcNEN<\/strong>und die Teams der Firma <strong>Kopp Haustechnik\u00a0<\/strong>und <strong>Wolfgang Pfaff Wassertechnik\u00a0<\/strong>(Gr\u00fcnbeck \u2013 Werksvertretung) freuen sich auf Ihr Kommen.<\/p>\n<p>R\u00fcckfragen an : Lothar Rost, Tel.: 0172 \u2013 29 82 771<\/p>\n<p><strong><u>GR\u00dcNE Baunatal besuchen Sommerfest in Vellmar<\/u><\/strong><\/p>\n<div id=\"attachment_1285\" class=\"wp-caption alignleft\" style=\"width: 333px\"><a class=\"fancybox\" rel=\"gallery1283\" href=\"http:\/\/gruene-lk-ks.de\/baunatal\/files\/2018\/08\/IMG_4693.jpg\"><img loading=\"lazy\" class=\"wp-image-1285\" src=\"http:\/\/gruene-lk-ks.de\/baunatal\/files\/2018\/08\/IMG_4693-800x533.jpg\" alt=\"\" width=\"333\" height=\"222\" srcset=\"http:\/\/gruene-lk-ks.de\/baunatal\/files\/2018\/08\/IMG_4693-800x533.jpg 800w, http:\/\/gruene-lk-ks.de\/baunatal\/files\/2018\/08\/IMG_4693-400x267.jpg 400w, http:\/\/gruene-lk-ks.de\/baunatal\/files\/2018\/08\/IMG_4693-768x512.jpg 768w, http:\/\/gruene-lk-ks.de\/baunatal\/files\/2018\/08\/IMG_4693-150x100.jpg 150w\" sizes=\"(max-width: 333px) 100vw, 333px\" \/><\/a><p class=\"wp-caption-text\">Baunataler GR\u00dcNE genie\u00dfen die gute Stimmung auf dem Sommerfest<\/p><\/div>\n<p>Anfang August trafen bei herrlichem Wetter wieder viele Freundinnen und Freunde GR\u00dcNER Politik zu ihrem traditionellen Sommerfest zusammen, unter Ihnen die Baunataler Stadtverordneten <strong>Kamela Mohtezebsade (mit T\u00f6chtern), Ede Borschel, Lothar<\/strong><strong>Rost<\/strong>, sowie unser Stadtrat <strong>J\u00fcrgen B\u00f6hme<\/strong>, die Kreistagsabgeordnete Monika Woizeschke-Br\u00fcck. Im Kastanienhof des Ahneparks wurde bei k\u00fchlen Getr\u00e4nken, leckeren Speisen und der fantastischen Musik von Julian Kretschmar feat. Michael Hopka gefeiert, diskutiert und gekl\u00f6nt, unter der Regie von <strong>\u201eSigi\u201c Kopperschmidt<\/strong>.<\/p>\n<div id=\"attachment_1289\" class=\"wp-caption alignright\" style=\"width: 333px\"><a class=\"fancybox\" rel=\"gallery1283\" href=\"http:\/\/gruene-lk-ks.de\/baunatal\/files\/2018\/08\/IMG_4703.jpg\"><img loading=\"lazy\" class=\"wp-image-1289\" src=\"http:\/\/gruene-lk-ks.de\/baunatal\/files\/2018\/08\/IMG_4703-800x533.jpg\" alt=\"\" width=\"333\" height=\"222\" srcset=\"http:\/\/gruene-lk-ks.de\/baunatal\/files\/2018\/08\/IMG_4703-800x533.jpg 800w, http:\/\/gruene-lk-ks.de\/baunatal\/files\/2018\/08\/IMG_4703-400x267.jpg 400w, http:\/\/gruene-lk-ks.de\/baunatal\/files\/2018\/08\/IMG_4703-768x512.jpg 768w, http:\/\/gruene-lk-ks.de\/baunatal\/files\/2018\/08\/IMG_4703-150x100.jpg 150w\" sizes=\"(max-width: 333px) 100vw, 333px\" \/><\/a><p class=\"wp-caption-text\">Literarische Unterhaltung bei der Lesung im GR\u00dcNEN &#8220;als Oma das Internet kaputt machte&#8221;<\/p><\/div>\n<p>Auch die Politik kam nicht zu kurz. Denn in diesem Jahr wird in Hessen am 28.10.2018\u00a0der Landtag neu gew\u00e4hlt. Unsere GR\u00dcNE Landtagsabgeordnete <strong>Karin M\u00fcller<\/strong>(Sprecherin f\u00fcr Verkehr, Mobilit\u00e4t und Strafvollzug), wies daher auch zu Recht auf die Erfolge der Schwarz-Gr\u00fcnen Landesregierung hin. So wurde z. B. die Energiewende eingel\u00e4utet und die Windkraft in Hessen ausgebaut, mit Sch\u00fclerticket und Landesticket ein echter Beitrag f\u00fcr weniger Autoverkehr und mehr Umweltschutz geleistet und in der Landwirtschaft die Zahl 2.100 Bioh\u00f6fe erreicht. Die Sprecherin des KV Kassel-Land, <strong>Susanne Regier<\/strong>, stellte sich als Direktkandidatin f\u00fcr den Hessischen Landtag vor und zeigte Schwerpunkte ihrer Arbeit auf, u.a. st\u00e4rkere Beteiligung der Jugend an politischenEntscheidungsprozessen.<\/p>\n<p><strong>Daher: Am 28.10. w\u00e4hlen gehen!<\/strong><\/p>\n","protected":false},"excerpt":{"rendered":"<p>Liebe Baunataler*innen! Haben Sie sich auch schon \u00fcber zu viel Kalk in unserem Leitungswasser ge\u00e4rgert? &#8211; Wann haben Sie Ihren Wasserkocher oder Ihre Kaffeemaschine entkalkt? &#8211; Suchen Sie nach Alternativen,&#8230; <\/p>\n","protected":false},"author":6,"featured_media":1290,"comment_status":"closed","ping_status":"open","sticky":false,"template":"","format":"standard","meta":{"ngg_post_thumbnail":0},"categories":[1,7100],"tags":[],"_links":{"self":[{"href":"http:\/\/gruene-lk-ks.de\/baunatal\/wp-json\/wp\/v2\/posts\/1283"}],"collection":[{"href":"http:\/\/gruene-lk-ks.de\/baunatal\/wp-json\/wp\/v2\/posts"}],"about":[{"href":"http:\/\/gruene-lk-ks.de\/baunatal\/wp-json\/wp\/v2\/types\/post"}],"author":[{"embeddable":true,"href":"http:\/\/gruene-lk-ks.de\/baunatal\/wp-json\/wp\/v2\/users\/6"}],"replies":[{"embeddable":true,"href":"http:\/\/gruene-lk-ks.de\/baunatal\/wp-json\/wp\/v2\/comments?post=1283"}],"version-history":[{"count":5,"href":"http:\/\/gruene-lk-ks.de\/baunatal\/wp-json\/wp\/v2\/posts\/1283\/revisions"}],"predecessor-version":[{"id":1287,"href":"http:\/\/gruene-lk-ks.de\/baunatal\/wp-json\/wp\/v2\/posts\/1283\/revisions\/1287"}],"wp:featuredmedia":[{"embeddable":true,"href":"http:\/\/gruene-lk-ks.de\/baunatal\/wp-json\/wp\/v2\/media\/1290"}],"wp:attachment":[{"href":"http:\/\/gruene-lk-ks.de\/baunatal\/wp-json\/wp\/v2\/media?parent=1283"}],"wp:term":[{"taxonomy":"category","embeddable":true,"href":"http:\/\/gruene-lk-ks.de\/baunatal\/wp-json\/wp\/v2\/categories?post=1283"},{"taxonomy":"post_tag","embeddable":true,"href":"http:\/\/gruene-lk-ks.de\/baunatal\/wp-json\/wp\/v2\/tags?post=1283"}],"curies":[{"name":"wp","href":"https:\/\/api.w.org\/{rel}","templated":true}]}}