{"id":1328,"date":"2018-09-04T16:35:02","date_gmt":"2018-09-04T14:35:02","guid":{"rendered":"http:\/\/gruene-lk-ks.de\/baunatal\/?p=1328"},"modified":"2018-09-04T16:55:36","modified_gmt":"2018-09-04T14:55:36","slug":"prima-klima-oder-heisszeit","status":"publish","type":"post","link":"http:\/\/gruene-lk-ks.de\/baunatal\/prima-klima-oder-heisszeit\/","title":{"rendered":"&#8220;Prima Klima oder Heisszeit&#8221;"},"content":{"rendered":"<img loading=\"lazy\" class=\"alignright wp-image-1347\" src=\"http:\/\/gruene-lk-ks.de\/baunatal\/files\/2018\/09\/LogoHP-800x480.jpg\" alt=\"\" width=\"333\" height=\"200\" srcset=\"http:\/\/gruene-lk-ks.de\/baunatal\/files\/2018\/09\/LogoHP-800x480.jpg 800w, http:\/\/gruene-lk-ks.de\/baunatal\/files\/2018\/09\/LogoHP-400x240.jpg 400w, http:\/\/gruene-lk-ks.de\/baunatal\/files\/2018\/09\/LogoHP-768x461.jpg 768w, http:\/\/gruene-lk-ks.de\/baunatal\/files\/2018\/09\/LogoHP-150x90.jpg 150w\" sizes=\"(max-width: 333px) 100vw, 333px\" \/>\n<p><strong>Die GR\u00dcNEN Baunatal laden ein<\/strong><\/p>\n<p>wir zeigen unter dem Titel &nbsp;<\/p>\n<p><strong>\u201cPrima Klima oder Heisszeit?\u201c&nbsp;<\/strong><\/p>\n<p><strong>am Samstag, 15. September 2018, von 11 Uhr bis ca. 14 Uhr&nbsp;<\/strong><strong>im CINEPLEX \u2013 Baunatal, Friedrich-Ebert-Allee 8a&nbsp;<\/strong><strong>den Dokumentarfilm: \u201eZwischen Wunsch und Wirklichkeit\u201c<\/strong><\/p>\n<p>Nach diesem <strong>Hitzesommer&nbsp;<\/strong>m\u00f6chten wir mit Ihnen und eingeladenen Experten diskutieren:<\/p>\n<ul>\n<li><strong>Wie realistisch ist die Energiewende?<\/strong><\/li>\n<li><strong>Was k\u00f6nnen, ja m\u00fcssen wir B\u00fcrger*innen und Verbraucher*innen pers\u00f6nlich tun,&nbsp; um den Klimawandel zu bek\u00e4mpfen?&nbsp; <\/strong><\/li>\n<li><strong>Wer ist mein Energieanbieter und wie hoch ist dessen Stromtarif? <\/strong><\/li>\n<li><strong>Was erwarten wir von unseren gew\u00e4hlten Abgeordneten, um die Ziele des Pariser Klimaschutzabkommens zu erreichen?<\/strong><\/li>\n<\/ul>\n<p><u>Als&nbsp;<strong>Aussteller&nbsp;<\/strong>und <strong>Experten<\/strong>konnten wir gewinnen:<\/u><\/p>\n<ul>\n<li>GR\u00dcNE Landtagsfraktion: <strong>Kaya Kinkel <\/strong>(MdL)<\/li>\n<li><strong>Matthias Sch\u00e4pers<\/strong>: als Botschafter f\u00fcr den Klimaschutzplan Hessen 2025<\/li>\n<li>B\u00fcrger-Energie-Genossenschaft Kassel-S\u00f6hre: <strong> Rainer Meyfahrt<\/strong><\/li>\n<li>SUN (Stadtwerke Union Nordhessen): <strong>Roland Heibert<\/strong><\/li>\n<li>Klima und Energieeffizienz Agentur (KEAA): <strong>Armin Raatz<\/strong><\/li>\n<li><strong>Marc Boll&nbsp;<\/strong>(Betreiber einer PV-Anlage mit Speicher + Tankstelle f\u00fcr E-Autos)<\/li>\n<\/ul>\n<p>Nach dem Film und der Diskussion mit den Experten m\u00f6chten wir Sie gern zu Getr\u00e4nken und kleinen Snacks und einem Informationsaustausch auf der Empore des CINEPLEX&nbsp; einladen.<\/p>\n<p>Wir freuen uns auf Ihren Besuch und interessante Gespr\u00e4che.&nbsp; &#8211;&nbsp; <strong>EINTRITT&nbsp; frei!<\/strong><\/p>\n","protected":false},"excerpt":{"rendered":"<p>Die GR\u00dcNEN Baunatal laden ein wir zeigen unter dem Titel &nbsp; \u201cPrima Klima oder Heisszeit?\u201c&nbsp; am Samstag, 15. September 2018, von 11 Uhr bis ca. 14 Uhr&nbsp;im CINEPLEX \u2013 Baunatal,&#8230; <\/p>\n","protected":false},"author":6,"featured_media":1215,"comment_status":"closed","ping_status":"open","sticky":false,"template":"","format":"standard","meta":{"ngg_post_thumbnail":0},"categories":[7100],"tags":[],"_links":{"self":[{"href":"http:\/\/gruene-lk-ks.de\/baunatal\/wp-json\/wp\/v2\/posts\/1328"}],"collection":[{"href":"http:\/\/gruene-lk-ks.de\/baunatal\/wp-json\/wp\/v2\/posts"}],"about":[{"href":"http:\/\/gruene-lk-ks.de\/baunatal\/wp-json\/wp\/v2\/types\/post"}],"author":[{"embeddable":true,"href":"http:\/\/gruene-lk-ks.de\/baunatal\/wp-json\/wp\/v2\/users\/6"}],"replies":[{"embeddable":true,"href":"http:\/\/gruene-lk-ks.de\/baunatal\/wp-json\/wp\/v2\/comments?post=1328"}],"version-history":[{"count":8,"href":"http:\/\/gruene-lk-ks.de\/baunatal\/wp-json\/wp\/v2\/posts\/1328\/revisions"}],"predecessor-version":[{"id":1349,"href":"http:\/\/gruene-lk-ks.de\/baunatal\/wp-json\/wp\/v2\/posts\/1328\/revisions\/1349"}],"wp:featuredmedia":[{"embeddable":true,"href":"http:\/\/gruene-lk-ks.de\/baunatal\/wp-json\/wp\/v2\/media\/1215"}],"wp:attachment":[{"href":"http:\/\/gruene-lk-ks.de\/baunatal\/wp-json\/wp\/v2\/media?parent=1328"}],"wp:term":[{"taxonomy":"category","embeddable":true,"href":"http:\/\/gruene-lk-ks.de\/baunatal\/wp-json\/wp\/v2\/categories?post=1328"},{"taxonomy":"post_tag","embeddable":true,"href":"http:\/\/gruene-lk-ks.de\/baunatal\/wp-json\/wp\/v2\/tags?post=1328"}],"curies":[{"name":"wp","href":"https:\/\/api.w.org\/{rel}","templated":true}]}}