{"id":1436,"date":"2018-09-17T11:28:01","date_gmt":"2018-09-17T09:28:01","guid":{"rendered":"http:\/\/gruene-lk-ks.de\/baunatal\/?p=1436"},"modified":"2018-09-17T11:30:39","modified_gmt":"2018-09-17T09:30:39","slug":"gruene-baunatal-luden-ins-cineplex-ein","status":"publish","type":"post","link":"http:\/\/gruene-lk-ks.de\/baunatal\/gruene-baunatal-luden-ins-cineplex-ein\/","title":{"rendered":"GR\u00dcNE Baunatal luden ins CINEPLEX ein"},"content":{"rendered":"<p style=\"text-align: right\">19. September, 2018<\/p>\n<p style=\"text-align: left\">Pressemitteilung<\/p>\n<p><strong><u>GR\u00dcNE Baunatal luden ins CINEPLEX ein<\/u><\/strong><\/p>\n<div id=\"attachment_1438\" class=\"wp-caption alignleft\" style=\"width: 333px\"><a class=\"fancybox\" rel=\"gallery1436\" href=\"http:\/\/gruene-lk-ks.de\/baunatal\/files\/2018\/09\/IMG_4756.jpg\"><img loading=\"lazy\" class=\"wp-image-1438\" src=\"http:\/\/gruene-lk-ks.de\/baunatal\/files\/2018\/09\/IMG_4756-800x533.jpg\" alt=\"\" width=\"333\" height=\"222\" srcset=\"http:\/\/gruene-lk-ks.de\/baunatal\/files\/2018\/09\/IMG_4756-800x533.jpg 800w, http:\/\/gruene-lk-ks.de\/baunatal\/files\/2018\/09\/IMG_4756-400x267.jpg 400w, http:\/\/gruene-lk-ks.de\/baunatal\/files\/2018\/09\/IMG_4756-768x512.jpg 768w, http:\/\/gruene-lk-ks.de\/baunatal\/files\/2018\/09\/IMG_4756-150x100.jpg 150w\" sizes=\"(max-width: 333px) 100vw, 333px\" \/><\/a><p class=\"wp-caption-text\">Lars Valentin (E-Mobilist), Reinhold Orth (GR\u00dcNER Kreissprecher) und der Baunataler Vorsitzende Lothar Rost (v.l.) im Gespr\u00e4ch mit Kaya Kinkel (MdL)<\/p><\/div>\n<p>Am Wochenende luden die GR\u00dcNEN Baunatal zu ihrer 5. Veranstaltung ins CINEPLEX Baunatal ein und trotz sommerlicher Temperaturen sowie verschiedener konkurrierender Ereignisse in Baunatal und Kassel kamen mehr als 50 Besucher*innen, um sich \u00fcber Energie- und Klimapolitik zu informieren.<\/p>\n<p>Die Hitzewelle in Deutschland mit Trockenheit, gro\u00dfen Sch\u00e4den in der Landwirtschaft und langanhaltenden hohen Temperaturen hat uns plastisch sp\u00fcren lassen, dass der Klimawandel in vollem Gang ist.<\/p>\n<p>Der Filmbeitrag \u201cWunsch und Wirklichkeit\u201c bot die Grundlage f\u00fcr einen Gedankenaustausch mit Experten aus dem Energiesektor wie der Stadtwerke Union Nordhessen (<strong>Roland Heibert<\/strong>) oder der BEG Kassel-S\u00f6hre (<strong>Prof. Rainer Meyfahrt<\/strong>) und zeigte Wege auf, was jeder von uns tun kann, um die Klimawende einzuleiten, auch wenn die gro\u00dfe Politik versagt.<\/p>\n<p><strong>Matthias Sch\u00e4pers,<\/strong>als Botschafter f\u00fcr den Klimaschutzplan Hessen 2025, <strong>Armin Raatz<\/strong>von der Klima und Energieeffizienz Agentur (KEAA) sowie <strong>Marc Boll<\/strong>(selbst Betreiber einer PV-Anlage mit Speicher + Tankstelle f\u00fcr E-Autos, mit seinen E-Mobil-Stammtischfreunden konnten vom Baunataler Fraktionsvorsitzenden <strong>Edmund Borschel<\/strong>begr\u00fc\u00dft werden.<\/p>\n<p>Die GR\u00dcNE Landtagsabgeordnete <strong>Kaya Kinkel (MdL)<\/strong>, die GR\u00dcNE Direktkandiatin im Wahlkreis 02, <strong>Susanne Regier<\/strong>aus Vellmar, <strong>Edmund Borschel <\/strong>als Baunataler Landtagskandidat auf der Landesliste und der GR\u00dcNE B\u00fcrgermeisterkandidat, <strong>Juri<\/strong><strong>St\u00f6lzner <\/strong>ausGuntershausen standen den G\u00e4sten als kompetente Gespr\u00e4chspartner nach dem Film auf der Empore des CINEPLEX Rede und Antwort.<\/p>\n<p>Auch wenn wir GR\u00dcNE uns eine bessere Resonanz gew\u00fcnscht h\u00e4tten, waren sich alle Besucher*innen einig, dass die dr\u00e4ngenden Zukunftsfragen zum \u00dcberleben unseres Planeten schnellstens angefasst werden m\u00fcssen. So sollten Braunkohle-Kraftwerke als gr\u00f6\u00dfte Klimakiller schnellstens abgeschaltet werden, damit zuk\u00fcnftige Generationen nicht mit dramatischeren Umweltkatastrophen (auch in Mitteleuropa) zu k\u00e4mpfen haben, denn \u201cWir haben keinen Planeten B als Ersatz\u201c.<\/p>\n","protected":false},"excerpt":{"rendered":"<p>19. September, 2018 Pressemitteilung GR\u00dcNE Baunatal luden ins CINEPLEX ein Am Wochenende luden die GR\u00dcNEN Baunatal zu ihrer 5. Veranstaltung ins CINEPLEX Baunatal ein und trotz sommerlicher Temperaturen sowie verschiedener&#8230; <\/p>\n","protected":false},"author":6,"featured_media":1438,"comment_status":"closed","ping_status":"open","sticky":false,"template":"","format":"standard","meta":{"ngg_post_thumbnail":0},"categories":[7100],"tags":[],"_links":{"self":[{"href":"http:\/\/gruene-lk-ks.de\/baunatal\/wp-json\/wp\/v2\/posts\/1436"}],"collection":[{"href":"http:\/\/gruene-lk-ks.de\/baunatal\/wp-json\/wp\/v2\/posts"}],"about":[{"href":"http:\/\/gruene-lk-ks.de\/baunatal\/wp-json\/wp\/v2\/types\/post"}],"author":[{"embeddable":true,"href":"http:\/\/gruene-lk-ks.de\/baunatal\/wp-json\/wp\/v2\/users\/6"}],"replies":[{"embeddable":true,"href":"http:\/\/gruene-lk-ks.de\/baunatal\/wp-json\/wp\/v2\/comments?post=1436"}],"version-history":[{"count":3,"href":"http:\/\/gruene-lk-ks.de\/baunatal\/wp-json\/wp\/v2\/posts\/1436\/revisions"}],"predecessor-version":[{"id":1440,"href":"http:\/\/gruene-lk-ks.de\/baunatal\/wp-json\/wp\/v2\/posts\/1436\/revisions\/1440"}],"wp:featuredmedia":[{"embeddable":true,"href":"http:\/\/gruene-lk-ks.de\/baunatal\/wp-json\/wp\/v2\/media\/1438"}],"wp:attachment":[{"href":"http:\/\/gruene-lk-ks.de\/baunatal\/wp-json\/wp\/v2\/media?parent=1436"}],"wp:term":[{"taxonomy":"category","embeddable":true,"href":"http:\/\/gruene-lk-ks.de\/baunatal\/wp-json\/wp\/v2\/categories?post=1436"},{"taxonomy":"post_tag","embeddable":true,"href":"http:\/\/gruene-lk-ks.de\/baunatal\/wp-json\/wp\/v2\/tags?post=1436"}],"curies":[{"name":"wp","href":"https:\/\/api.w.org\/{rel}","templated":true}]}}