{"id":1561,"date":"2018-10-10T08:55:41","date_gmt":"2018-10-10T06:55:41","guid":{"rendered":"http:\/\/gruene-lk-ks.de\/baunatal\/?p=1561"},"modified":"2018-10-10T08:55:41","modified_gmt":"2018-10-10T06:55:41","slug":"gruene-baunatal-eroeffnen-strassen-wahlkampf","status":"publish","type":"post","link":"http:\/\/gruene-lk-ks.de\/baunatal\/gruene-baunatal-eroeffnen-strassen-wahlkampf\/","title":{"rendered":"GR\u00dcNE Baunatal er\u00f6ffnen Stra\u00dfen-Wahlkampf"},"content":{"rendered":"<p style=\"text-align: right\">10.10.2018&nbsp;&nbsp;&nbsp;&nbsp;&nbsp;&nbsp;&nbsp;&nbsp;&nbsp;<\/p>\n<p><strong><u>PRESSEMITTEILUNG<\/u><\/strong><\/p>\n<p><strong>GR\u00dcNE Baunatal er\u00f6ffnen Stra\u00dfen-Wahlkampf<\/strong><\/p>\n<div id=\"attachment_1564\" class=\"wp-caption alignleft\" style=\"width: 333px\"><a class=\"fancybox\" rel=\"gallery1561\" href=\"http:\/\/gruene-lk-ks.de\/baunatal\/files\/2018\/10\/IMG_4884.jpg\"><img loading=\"lazy\" class=\"wp-image-1564\" src=\"http:\/\/gruene-lk-ks.de\/baunatal\/files\/2018\/10\/IMG_4884-800x533.jpg\" alt=\"\" width=\"333\" height=\"222\" srcset=\"http:\/\/gruene-lk-ks.de\/baunatal\/files\/2018\/10\/IMG_4884-800x533.jpg 800w, http:\/\/gruene-lk-ks.de\/baunatal\/files\/2018\/10\/IMG_4884-400x267.jpg 400w, http:\/\/gruene-lk-ks.de\/baunatal\/files\/2018\/10\/IMG_4884-768x512.jpg 768w, http:\/\/gruene-lk-ks.de\/baunatal\/files\/2018\/10\/IMG_4884-150x100.jpg 150w\" sizes=\"(max-width: 333px) 100vw, 333px\" \/><\/a><p class=\"wp-caption-text\">Kandidat Juri St\u00f6lzner (vorn links) im Gespr\u00e4ch mit einer B\u00fcrgerin<\/p><\/div>\n<p>Am letzten Septemberwochenendeer\u00f6ffneten die GR\u00dcNEN Baunatal den B\u00fcrgermeister- und Landtagswahlkampf mit einem Stand auf dem Wochenmarkt. In vielen interessanten Gespr\u00e4chen&nbsp; mit B\u00fcrger*innen unserer Stadt zur aktuellen politischen Situation in Baunatal aber auch im Lande Hessen konnten die GR\u00dcNEN L\u00f6sungsans\u00e4tze in wichtigen gesellschaftpolitischen Fragen aufzeigen.<\/p>\n<p>Unser GR\u00dcNER <strong>B\u00fcrgermeisterkandidat<\/strong><strong>Juri St\u00f6lzner<\/strong>wurde oft kontaktiert, indem er sich selbst und seine berufliche Expertise als Diplom-Biologe vorstellen konnte. Als Gutachter in seinem B\u00fcro zu Umweltfragen bei Gro\u00dfprojekten wie Stra\u00dfenbauma\u00dfnahmen und Windparks steht er oft mit Beh\u00f6rden und Verwaltungen im unmittelbaren Austausch, wenn es letztlich um Auflagen oder Genehmigungen dieser Projekte geht. Seine Ziele decken aber auch eine familienfreundliche Kinder- und Jugendpolitik, umweltfreundlichen Wohnungsbau, Sportf\u00f6rderung, nachhaltige Landwirtschaft und Strukturpolitik ab.&nbsp;<\/p>\n<p>Der \u00f6rtliche <strong>GR\u00dcNE Landtagskandidat Edmund Borschel <\/strong>widmete sich eher den aktuellen \u00fcberregionalen Themen wie dem sogenannten&nbsp;Dieselkompromiss, den drohenden Fahrverboten in Gro\u00dfst\u00e4dten und was dies f\u00fcr die meisten Dieselbesitzer zur Folge hat. Ebenso die Bek\u00e4mpfung der Alters- und Kinderarmut, sowie gleiche Bildungschancen f\u00fcr alle Kinder, unabh\u00e4ngig vom Elternhaus, z.B. durch den weiteren Ausbau von Ganztagsschulen mit entsprechender personeller Ausstattung.<\/p>\n<p>Immer wieder betonten die Standbesucher, dass die GR\u00dcNEN hoffentlich weiterhin die Geschicke des Landes Hessen ma\u00dfgeblich in einer neuen Landesregierung bestimmen k\u00f6nnen, zum Schutz der Umwelt und einer gerechteren Gesellschaftsordnung f\u00fcr Junge und Alte. Nat\u00fcrlich k\u00e4mpfen wir daf\u00fcr und Sie geben hoffentlich unseren GR\u00dcNEN KANDIDATEN am 28.10.18 im Wahllokal Ihre Stimme.<\/p>\n<hr>\n<p>&nbsp;<\/p>\n<p>\u201c<strong>Frische Energie\u201c beim Boule-Turnier in Hertingshausen<\/strong><\/p>\n<div id=\"attachment_1563\" class=\"wp-caption alignleft\" style=\"width: 333px\"><a class=\"fancybox\" rel=\"gallery1561\" href=\"http:\/\/gruene-lk-ks.de\/baunatal\/files\/2018\/10\/IMG_4764.jpg\"><img loading=\"lazy\" class=\"wp-image-1563\" src=\"http:\/\/gruene-lk-ks.de\/baunatal\/files\/2018\/10\/IMG_4764-800x533.jpg\" alt=\"\" width=\"333\" height=\"222\" srcset=\"http:\/\/gruene-lk-ks.de\/baunatal\/files\/2018\/10\/IMG_4764-800x533.jpg 800w, http:\/\/gruene-lk-ks.de\/baunatal\/files\/2018\/10\/IMG_4764-400x267.jpg 400w, http:\/\/gruene-lk-ks.de\/baunatal\/files\/2018\/10\/IMG_4764-768x512.jpg 768w, http:\/\/gruene-lk-ks.de\/baunatal\/files\/2018\/10\/IMG_4764-150x100.jpg 150w\" sizes=\"(max-width: 333px) 100vw, 333px\" \/><\/a><p class=\"wp-caption-text\">Unser Boule-Team \u201eFrische Energie\u201c mit Juri (2. v.l.) in Hertingshausen<\/p><\/div>\n<p>Keine Ber\u00fchrungs\u00e4ngste hatten die GR\u00dcNEN Baunatal, als sie mit einem starken Team beim Turnier der SPD in Hertingshausen antraten. Neben dem jungen und dynamischen BM-Kandidaten <strong>Juri St\u00f6lzner<\/strong>traten noch im GR\u00dcNEN Team \u201cFrische Energie\u201c die beiden <strong>Landtagskandidaten Susanne Regier <\/strong>(Vellmar) und <strong>Edmund Borschel <\/strong>(auch Baunataler Fraktionsvorsitzender) sowie die Stadtverordneten <strong>Henry Richter<\/strong>und <strong>Lothar Rost<\/strong>an. Nach zwei souver\u00e4nen Siegen in der Vorrunde schloss unser Boule-Team auf Platz 4 ab. Wir danken dem Ausrichter f\u00fcr das nette Ambiente und den sportlichen Wettkampf, abseits vom politischen Parkett.<\/p>\n","protected":false},"excerpt":{"rendered":"<p>10.10.2018&nbsp;&nbsp;&nbsp;&nbsp;&nbsp;&nbsp;&nbsp;&nbsp;&nbsp; PRESSEMITTEILUNG GR\u00dcNE Baunatal er\u00f6ffnen Stra\u00dfen-Wahlkampf Am letzten Septemberwochenendeer\u00f6ffneten die GR\u00dcNEN Baunatal den B\u00fcrgermeister- und Landtagswahlkampf mit einem Stand auf dem Wochenmarkt. In vielen interessanten Gespr\u00e4chen&nbsp; mit B\u00fcrger*innen unserer Stadt&#8230; <\/p>\n","protected":false},"author":6,"featured_media":0,"comment_status":"closed","ping_status":"open","sticky":false,"template":"","format":"standard","meta":{"ngg_post_thumbnail":0},"categories":[7101,7100],"tags":[],"_links":{"self":[{"href":"http:\/\/gruene-lk-ks.de\/baunatal\/wp-json\/wp\/v2\/posts\/1561"}],"collection":[{"href":"http:\/\/gruene-lk-ks.de\/baunatal\/wp-json\/wp\/v2\/posts"}],"about":[{"href":"http:\/\/gruene-lk-ks.de\/baunatal\/wp-json\/wp\/v2\/types\/post"}],"author":[{"embeddable":true,"href":"http:\/\/gruene-lk-ks.de\/baunatal\/wp-json\/wp\/v2\/users\/6"}],"replies":[{"embeddable":true,"href":"http:\/\/gruene-lk-ks.de\/baunatal\/wp-json\/wp\/v2\/comments?post=1561"}],"version-history":[{"count":2,"href":"http:\/\/gruene-lk-ks.de\/baunatal\/wp-json\/wp\/v2\/posts\/1561\/revisions"}],"predecessor-version":[{"id":1565,"href":"http:\/\/gruene-lk-ks.de\/baunatal\/wp-json\/wp\/v2\/posts\/1561\/revisions\/1565"}],"wp:attachment":[{"href":"http:\/\/gruene-lk-ks.de\/baunatal\/wp-json\/wp\/v2\/media?parent=1561"}],"wp:term":[{"taxonomy":"category","embeddable":true,"href":"http:\/\/gruene-lk-ks.de\/baunatal\/wp-json\/wp\/v2\/categories?post=1561"},{"taxonomy":"post_tag","embeddable":true,"href":"http:\/\/gruene-lk-ks.de\/baunatal\/wp-json\/wp\/v2\/tags?post=1561"}],"curies":[{"name":"wp","href":"https:\/\/api.w.org\/{rel}","templated":true}]}}