{"id":1568,"date":"2018-10-23T22:00:35","date_gmt":"2018-10-23T20:00:35","guid":{"rendered":"http:\/\/gruene-lk-ks.de\/baunatal\/?p=1568"},"modified":"2018-10-23T22:00:35","modified_gmt":"2018-10-23T20:00:35","slug":"verkehrsminister-tarek-al-wazir-in-baunatal","status":"publish","type":"post","link":"http:\/\/gruene-lk-ks.de\/baunatal\/verkehrsminister-tarek-al-wazir-in-baunatal\/","title":{"rendered":"Verkehrsminister Tarek Al-Wazir in Baunatal"},"content":{"rendered":"<p><strong>Verkehrsminister Tarek Al-Wazir in Baunatal<\/strong><\/p>\n<div id=\"attachment_1570\" class=\"wp-caption alignleft\" style=\"width: 333px\"><a class=\"fancybox\" rel=\"gallery1568\" href=\"http:\/\/gruene-lk-ks.de\/baunatal\/files\/2018\/10\/Al-Wazir-mit-Baunataler-Gr\u00fcnen-1.jpg\"><img loading=\"lazy\" class=\"wp-image-1570\" src=\"http:\/\/gruene-lk-ks.de\/baunatal\/files\/2018\/10\/Al-Wazir-mit-Baunataler-Gr\u00fcnen-1-800x531.jpg\" alt=\"\" width=\"333\" height=\"221\" srcset=\"http:\/\/gruene-lk-ks.de\/baunatal\/files\/2018\/10\/Al-Wazir-mit-Baunataler-Gr\u00fcnen-1-800x531.jpg 800w, http:\/\/gruene-lk-ks.de\/baunatal\/files\/2018\/10\/Al-Wazir-mit-Baunataler-Gr\u00fcnen-1-400x266.jpg 400w, http:\/\/gruene-lk-ks.de\/baunatal\/files\/2018\/10\/Al-Wazir-mit-Baunataler-Gr\u00fcnen-1-768x510.jpg 768w, http:\/\/gruene-lk-ks.de\/baunatal\/files\/2018\/10\/Al-Wazir-mit-Baunataler-Gr\u00fcnen-1-150x100.jpg 150w\" sizes=\"(max-width: 333px) 100vw, 333px\" \/><\/a><p class=\"wp-caption-text\">Die Baunataler GR\u00dcNEN und der Kreisvorstand nehmen Tarek in ihre Mitte<\/p><\/div>\n<p>Der hessische Verkehrsminister der B\u00fcndnis 90\/Die Gr\u00fcnen, Tarek Al-Wazir, war auf seiner Wahlkampftour durch Nordhessen vergangenen Samstag in Baunatal auf dem Marktplatz. Dort ergriff der B\u00fcrgermeisterkandidat der Gr\u00fcnen, Juri St\u00f6lzner, die Gelegenheit, ihn auf die L\u00e4rmsituation am Kleinen Feld, Altenritte, an der L3218 aufmerksam zu machen. B\u00fcrgerInnen und AnwohnerInnen fordern seit 15 Jahren immer wieder die Stadtverwaltung auf, sich f\u00fcr L\u00e4rmschutzma\u00dfnahmen beim Land Hessen einzusetzen. Bisher ohne Erfolg. Wir hoffen nat\u00fcrlich nun, da\u00df der Verkehrsminister sich der Angelegenheit annimmt und L\u00e4rmschutzma\u00dfnahmen pr\u00fcfen und kommunizieren l\u00e4\u00dft. L\u00e4rmschutz ist Gesundheitsschutz und darf nicht hinter Kosten-Nutzen-Erw\u00e4gungen oder Zust\u00e4ndigkeiten zur\u00fcckstehen. Die Gr\u00fcnen Baunatal fordern in diesem Zusammenhang auch die Einrichtung von Ortsbeir\u00e4ten, die die Interessen der B\u00fcrgerInnen wirksam in den Ortsteilen vertreten.<\/p>\n","protected":false},"excerpt":{"rendered":"<p>Verkehrsminister Tarek Al-Wazir in Baunatal Der hessische Verkehrsminister der B\u00fcndnis 90\/Die Gr\u00fcnen, Tarek Al-Wazir, war auf seiner Wahlkampftour durch Nordhessen vergangenen Samstag in Baunatal auf dem Marktplatz. Dort ergriff der&#8230; <\/p>\n","protected":false},"author":6,"featured_media":1569,"comment_status":"closed","ping_status":"open","sticky":false,"template":"","format":"standard","meta":{"ngg_post_thumbnail":0},"categories":[7101],"tags":[],"_links":{"self":[{"href":"http:\/\/gruene-lk-ks.de\/baunatal\/wp-json\/wp\/v2\/posts\/1568"}],"collection":[{"href":"http:\/\/gruene-lk-ks.de\/baunatal\/wp-json\/wp\/v2\/posts"}],"about":[{"href":"http:\/\/gruene-lk-ks.de\/baunatal\/wp-json\/wp\/v2\/types\/post"}],"author":[{"embeddable":true,"href":"http:\/\/gruene-lk-ks.de\/baunatal\/wp-json\/wp\/v2\/users\/6"}],"replies":[{"embeddable":true,"href":"http:\/\/gruene-lk-ks.de\/baunatal\/wp-json\/wp\/v2\/comments?post=1568"}],"version-history":[{"count":2,"href":"http:\/\/gruene-lk-ks.de\/baunatal\/wp-json\/wp\/v2\/posts\/1568\/revisions"}],"predecessor-version":[{"id":1572,"href":"http:\/\/gruene-lk-ks.de\/baunatal\/wp-json\/wp\/v2\/posts\/1568\/revisions\/1572"}],"wp:featuredmedia":[{"embeddable":true,"href":"http:\/\/gruene-lk-ks.de\/baunatal\/wp-json\/wp\/v2\/media\/1569"}],"wp:attachment":[{"href":"http:\/\/gruene-lk-ks.de\/baunatal\/wp-json\/wp\/v2\/media?parent=1568"}],"wp:term":[{"taxonomy":"category","embeddable":true,"href":"http:\/\/gruene-lk-ks.de\/baunatal\/wp-json\/wp\/v2\/categories?post=1568"},{"taxonomy":"post_tag","embeddable":true,"href":"http:\/\/gruene-lk-ks.de\/baunatal\/wp-json\/wp\/v2\/tags?post=1568"}],"curies":[{"name":"wp","href":"https:\/\/api.w.org\/{rel}","templated":true}]}}