{"id":1577,"date":"2018-10-23T22:13:09","date_gmt":"2018-10-23T20:13:09","guid":{"rendered":"http:\/\/gruene-lk-ks.de\/baunatal\/?p=1577"},"modified":"2018-10-23T22:13:09","modified_gmt":"2018-10-23T20:13:09","slug":"gruene-laden-zu-kuerbisfest-am-27-10-in-guntershausen","status":"publish","type":"post","link":"http:\/\/gruene-lk-ks.de\/baunatal\/gruene-laden-zu-kuerbisfest-am-27-10-in-guntershausen\/","title":{"rendered":"Gr\u00fcne laden zu K\u00fcrbisfest am 27.10. in Guntershausen"},"content":{"rendered":"<div class=\"page\" title=\"Page 1\">\n<div class=\"layoutArea\">\n<div class=\"column\">\n<p style=\"text-align: center\"><strong>Samstag 27. Oktober 2018 ab 16 Uhr feiern die GR\u00dcNEN Baunatal ihr<\/strong><br \/>\n<strong>6. K\u00fcrbisfest in Guntershausen<\/strong><\/p>\n<p style=\"text-align: center\"><em>Treffpunkt ist die M\u00fchle von Juliane Kothe an der Bauna in der Ortsmitte.<\/em><\/p>\n<p>Zufahrt neben dem Hexenh\u00e4uschen entlang der Bauna. Herzlich eingeladen sind alle Freunde, Sympathisanten und Familien mit ihren Kindern, die K\u00fcrbisschnitzen und Basteln m\u00f6gen.Die selbstdekorierten K\u00fcrbisse k\u00f6nnen selbstverst\u00e4ndlich mitgenommen werden. Wie immer werden Ursula Dittmar-Loewe und ihre Tochter Nadine die Kinder sach- kundig begleiten.&nbsp;Ein Buffet mit verschiedenen Leckereien sowie Gegrilltes und Getr\u00e4nke stehen bereit.<\/p>\n<\/div>\n<\/div>\n<\/div>\n","protected":false},"excerpt":{"rendered":"<p>Samstag 27. Oktober 2018 ab 16 Uhr feiern die GR\u00dcNEN Baunatal ihr 6. K\u00fcrbisfest in Guntershausen Treffpunkt ist die M\u00fchle von Juliane Kothe an der Bauna in der Ortsmitte. Zufahrt&#8230; <\/p>\n","protected":false},"author":6,"featured_media":1578,"comment_status":"closed","ping_status":"open","sticky":false,"template":"","format":"standard","meta":{"ngg_post_thumbnail":0},"categories":[1],"tags":[],"_links":{"self":[{"href":"http:\/\/gruene-lk-ks.de\/baunatal\/wp-json\/wp\/v2\/posts\/1577"}],"collection":[{"href":"http:\/\/gruene-lk-ks.de\/baunatal\/wp-json\/wp\/v2\/posts"}],"about":[{"href":"http:\/\/gruene-lk-ks.de\/baunatal\/wp-json\/wp\/v2\/types\/post"}],"author":[{"embeddable":true,"href":"http:\/\/gruene-lk-ks.de\/baunatal\/wp-json\/wp\/v2\/users\/6"}],"replies":[{"embeddable":true,"href":"http:\/\/gruene-lk-ks.de\/baunatal\/wp-json\/wp\/v2\/comments?post=1577"}],"version-history":[{"count":3,"href":"http:\/\/gruene-lk-ks.de\/baunatal\/wp-json\/wp\/v2\/posts\/1577\/revisions"}],"predecessor-version":[{"id":1581,"href":"http:\/\/gruene-lk-ks.de\/baunatal\/wp-json\/wp\/v2\/posts\/1577\/revisions\/1581"}],"wp:featuredmedia":[{"embeddable":true,"href":"http:\/\/gruene-lk-ks.de\/baunatal\/wp-json\/wp\/v2\/media\/1578"}],"wp:attachment":[{"href":"http:\/\/gruene-lk-ks.de\/baunatal\/wp-json\/wp\/v2\/media?parent=1577"}],"wp:term":[{"taxonomy":"category","embeddable":true,"href":"http:\/\/gruene-lk-ks.de\/baunatal\/wp-json\/wp\/v2\/categories?post=1577"},{"taxonomy":"post_tag","embeddable":true,"href":"http:\/\/gruene-lk-ks.de\/baunatal\/wp-json\/wp\/v2\/tags?post=1577"}],"curies":[{"name":"wp","href":"https:\/\/api.w.org\/{rel}","templated":true}]}}