{"id":1583,"date":"2018-11-10T21:00:41","date_gmt":"2018-11-10T19:00:41","guid":{"rendered":"http:\/\/gruene-lk-ks.de\/baunatal\/?p=1583"},"modified":"2018-11-10T20:22:10","modified_gmt":"2018-11-10T18:22:10","slug":"annalena-baerbock-begeisterte-in-der-backstube-in-kassel","status":"publish","type":"post","link":"http:\/\/gruene-lk-ks.de\/baunatal\/annalena-baerbock-begeisterte-in-der-backstube-in-kassel\/","title":{"rendered":"Annalena Baerbock begeisterte in der &#8220;Backstube&#8221; in Kassel"},"content":{"rendered":"<div id=\"attachment_1584\" class=\"wp-caption alignleft\" style=\"width: 333px\"><a class=\"fancybox\" rel=\"gallery1583\" href=\"http:\/\/gruene-lk-ks.de\/baunatal\/files\/2018\/11\/IMG_4967.jpg\"><img loading=\"lazy\" class=\"wp-image-1584\" src=\"http:\/\/gruene-lk-ks.de\/baunatal\/files\/2018\/11\/IMG_4967-800x533.jpg\" alt=\"\" width=\"333\" height=\"222\" srcset=\"http:\/\/gruene-lk-ks.de\/baunatal\/files\/2018\/11\/IMG_4967-800x533.jpg 800w, http:\/\/gruene-lk-ks.de\/baunatal\/files\/2018\/11\/IMG_4967-400x267.jpg 400w, http:\/\/gruene-lk-ks.de\/baunatal\/files\/2018\/11\/IMG_4967-768x512.jpg 768w, http:\/\/gruene-lk-ks.de\/baunatal\/files\/2018\/11\/IMG_4967-150x100.jpg 150w\" sizes=\"(max-width: 333px) 100vw, 333px\" \/><\/a><p class=\"wp-caption-text\">Drei starke GR\u00dcNE Frauen: Vanessa, Karin und Annalena in Aktion<\/p><\/div>\n<p>In der hei\u00dfen Phase des hessischen Landtagswahlkampfs pr\u00e4sentierten die Kasseler GR\u00dcNEN innerhalb von 2 Tagen das GR\u00dcNE Spitzenduo aus dem Bund:&nbsp; Robert Habeck (im Waschsalon) und Annalena Baerbock in der Wehlheider Backstube. In ihrer Rede ging Annalena sympathisch und fundiert auf &#8220;knackige Themen&#8221; im Stakkatotempo ein. Klima und Kohle, Bildung, B\u00fcrgern\u00e4he und Sympathiewerte f\u00fcr uns GR\u00dcNE, Umgang mit der AfD im Bundestag, aber auch die Bedeutung der Hessenwahl f\u00fcr die&nbsp; politische und gesellschaftliche Zukunft der Bundespolitik waren nur einige der Themen, die sie streifte, immer wieder begleitet vom zustimmenden Applaus der Zuh\u00f6rer*innen. Die beiden Kasseler Direktkandidatinnen Karin M\u00fcller und Vanessa Gronemann ko-moderierten und stellten ihre GR\u00dcNEN Ziele im Wahlkampf den zahlreichen G\u00e4sten in der vollgepackten Gastst\u00e4tte vor.<\/p>\n<p>Im Anschluss an die Veranstaltung begab sich die GR\u00dcNE Jugend im Endspurt des Wahlkampfs auf Kneipentour entlang der Friedrich-Ebert-Stra\u00dfe in Kassel. Noch knapp 40 Stunden und dann wissen wir am Sonntagabend, wohin die Reise in Hessen geht, und welche Aufgabe die W\u00e4hler*innen uns GR\u00dcNE mit auf den Weg geben, um die Geschicke Hessens zu lenken!?<\/p>\n","protected":false},"excerpt":{"rendered":"<p>In der hei\u00dfen Phase des hessischen Landtagswahlkampfs pr\u00e4sentierten die Kasseler GR\u00dcNEN innerhalb von 2 Tagen das GR\u00dcNE Spitzenduo aus dem Bund:&nbsp; Robert Habeck (im Waschsalon) und Annalena Baerbock in der&#8230; <\/p>\n","protected":false},"author":6,"featured_media":1585,"comment_status":"closed","ping_status":"open","sticky":false,"template":"","format":"standard","meta":{"ngg_post_thumbnail":0},"categories":[7101],"tags":[],"_links":{"self":[{"href":"http:\/\/gruene-lk-ks.de\/baunatal\/wp-json\/wp\/v2\/posts\/1583"}],"collection":[{"href":"http:\/\/gruene-lk-ks.de\/baunatal\/wp-json\/wp\/v2\/posts"}],"about":[{"href":"http:\/\/gruene-lk-ks.de\/baunatal\/wp-json\/wp\/v2\/types\/post"}],"author":[{"embeddable":true,"href":"http:\/\/gruene-lk-ks.de\/baunatal\/wp-json\/wp\/v2\/users\/6"}],"replies":[{"embeddable":true,"href":"http:\/\/gruene-lk-ks.de\/baunatal\/wp-json\/wp\/v2\/comments?post=1583"}],"version-history":[{"count":1,"href":"http:\/\/gruene-lk-ks.de\/baunatal\/wp-json\/wp\/v2\/posts\/1583\/revisions"}],"predecessor-version":[{"id":1586,"href":"http:\/\/gruene-lk-ks.de\/baunatal\/wp-json\/wp\/v2\/posts\/1583\/revisions\/1586"}],"wp:featuredmedia":[{"embeddable":true,"href":"http:\/\/gruene-lk-ks.de\/baunatal\/wp-json\/wp\/v2\/media\/1585"}],"wp:attachment":[{"href":"http:\/\/gruene-lk-ks.de\/baunatal\/wp-json\/wp\/v2\/media?parent=1583"}],"wp:term":[{"taxonomy":"category","embeddable":true,"href":"http:\/\/gruene-lk-ks.de\/baunatal\/wp-json\/wp\/v2\/categories?post=1583"},{"taxonomy":"post_tag","embeddable":true,"href":"http:\/\/gruene-lk-ks.de\/baunatal\/wp-json\/wp\/v2\/tags?post=1583"}],"curies":[{"name":"wp","href":"https:\/\/api.w.org\/{rel}","templated":true}]}}