{"id":1606,"date":"2018-12-14T11:20:16","date_gmt":"2018-12-14T09:20:16","guid":{"rendered":"http:\/\/gruene-lk-ks.de\/baunatal\/?p=1606"},"modified":"2018-12-14T11:20:39","modified_gmt":"2018-12-14T09:20:39","slug":"stadtteilkonferenz-baunsberg","status":"publish","type":"post","link":"http:\/\/gruene-lk-ks.de\/baunatal\/stadtteilkonferenz-baunsberg\/","title":{"rendered":"Stadtteilkonferenz Baunsberg"},"content":{"rendered":"<p style=\"text-align: right\"><strong>28.11.18<\/strong><\/p>\n<p><strong>Pressemitteilung<\/strong><\/p>\n<h4><strong>Stadtteilkonferenz Baunsberg<\/strong><\/h4>\n<div id=\"attachment_1607\" class=\"wp-caption alignleft\" style=\"width: 333px\"><a class=\"fancybox\" rel=\"gallery1606\" href=\"http:\/\/gruene-lk-ks.de\/baunatal\/files\/2018\/12\/IMG_4866.jpg\"><img loading=\"lazy\" class=\"wp-image-1607\" src=\"http:\/\/gruene-lk-ks.de\/baunatal\/files\/2018\/12\/IMG_4866-800x533.jpg\" alt=\"\" width=\"333\" height=\"222\" srcset=\"http:\/\/gruene-lk-ks.de\/baunatal\/files\/2018\/12\/IMG_4866-800x533.jpg 800w, http:\/\/gruene-lk-ks.de\/baunatal\/files\/2018\/12\/IMG_4866-400x267.jpg 400w, http:\/\/gruene-lk-ks.de\/baunatal\/files\/2018\/12\/IMG_4866-768x512.jpg 768w, http:\/\/gruene-lk-ks.de\/baunatal\/files\/2018\/12\/IMG_4866-150x100.jpg 150w\" sizes=\"(max-width: 333px) 100vw, 333px\" \/><\/a><p class=\"wp-caption-text\">Besuch der Ministerin Priska Hinz im Stadtteilzentrum im Oktober 2018<\/p><\/div>\n<p>An der <strong>Stadtteilkonferenz am 15.11.2018<\/strong>im Stadtteilzentrum Baunsberg nahmen unser Fraktionsvorsitzende <strong>Edmund Borschel <\/strong>&nbsp;und sein Stellvertreter <strong>Lothar Rost <\/strong>teil.<\/p>\n<p>Ziel der Veranstaltung war die Information zum Gesamtprojekt <strong>\u201cSoziale Stadt\u201c<\/strong>und eine st\u00e4rkere B\u00fcrgerbeteiligung zu aktuellen Ma\u00dfnahmen.<\/p>\n<p>Der diesj\u00e4hrige F\u00f6rderbescheid aus dem Bau- und Umwelt-Ministerium von Staatsminsterin Priska Hinz (B90\/Die GR\u00dcNEN)&nbsp; f\u00fcr weitere Ma\u00dfnahmen ist am 14.11.2018 im Rathaus eingegangen. Die genaue H\u00f6he wurde allerdings von der Stadt noch nicht bekanntgegeben.<\/p>\n<p>Die Begr\u00fc\u00dfung am Abend erfolgte durch die 1. Stadtr\u00e4tin Silke Engler und die Moderation durch Frau Bankert.<\/p>\n<p>Frau Horchler vom Kasseler B\u00fcro <strong>eyedexe&nbsp;<\/strong>stellte das Orientierungs- und Lenkungskonzept vor. Weitere Infos gab es durch Frau Gerlach zu Verf\u00fcgungsfonds und dem Schulwegeprojekt mit der Friedrich-Ebert-Schule.<\/p>\n<p>Die zahlreich erschienen Besucher*innen konnten zu folgenden Themenbereichen&nbsp; Anregungen und Kommentierungen beitragen:<\/p>\n<ul>\n<li>Aufstellung von Fahrradgaragen<\/li>\n<li>Lage der Bushaltestellen \u00fcberpr\u00fcfen<\/li>\n<li>Ausbau der P+R-Parkpl\u00e4tze an der Stra\u00dfenbahnhaltestelle<\/li>\n<li>Anzahl der Glascontainer<\/li>\n<li>Besseres Angebot f\u00fcr Haus-Lieferservice<\/li>\n<li>Bessere und sichere Stra\u00dfenquerungen (Zebrastreifen \/ Ampeln \/ Querungshilfen)<\/li>\n<li>Bessere Stra\u00dfen- und Wegebeleuchtung<\/li>\n<li>Behindertengerechter Wegeausbau<\/li>\n<\/ul>\n<p>Ein Wegekonzept wird z. Zt. entworfen und im Februar 2019 sollen in einem Workshop die Ergebnisse vorgestellt werden. Die Nachverdichtungsprojekte an der Birkenallee&nbsp;und an der Akazienallee setzen sich fort. Der Wegfall von Gr\u00fcnfl\u00e4chen und die fortschreitende Versiegelung wurden aber auch von einem Besucher kritisch engemerkt.<\/p>\n<p>Wir GR\u00dcNE w\u00fcnschen uns, dass mit den Wohnungsbaugesellschaften bei den n\u00e4chsten Veranstaltungen folgende Themen diskutiert werden sollten:<\/p>\n<ul>\n<li>Mischung von Eigentums- und Mietwohnungen am Baunsberg<\/li>\n<li>Bedarf an Sozialwohnungen<\/li>\n<li>Mieth\u00f6hen (Kaltmiete und Nebenkosten)<\/li>\n<li>Energetische Sanierungen (Mietkostenerh\u00f6hungen)<\/li>\n<li>M\u00f6gliche Aufstockungen und Anbauten vor Neubauten<\/li>\n<li>Altersgerechter Umbau (B\u00e4der, Fahrstuhleinbau)<\/li>\n<li>Parkplatzplanung mit Ladezonen usw.<\/li>\n<\/ul>\n","protected":false},"excerpt":{"rendered":"<p>28.11.18 Pressemitteilung Stadtteilkonferenz Baunsberg An der Stadtteilkonferenz am 15.11.2018im Stadtteilzentrum Baunsberg nahmen unser Fraktionsvorsitzende Edmund Borschel &nbsp;und sein Stellvertreter Lothar Rost teil. Ziel der Veranstaltung war die Information zum Gesamtprojekt&#8230; <\/p>\n","protected":false},"author":6,"featured_media":1608,"comment_status":"closed","ping_status":"open","sticky":false,"template":"","format":"standard","meta":{"ngg_post_thumbnail":0},"categories":[1],"tags":[],"_links":{"self":[{"href":"http:\/\/gruene-lk-ks.de\/baunatal\/wp-json\/wp\/v2\/posts\/1606"}],"collection":[{"href":"http:\/\/gruene-lk-ks.de\/baunatal\/wp-json\/wp\/v2\/posts"}],"about":[{"href":"http:\/\/gruene-lk-ks.de\/baunatal\/wp-json\/wp\/v2\/types\/post"}],"author":[{"embeddable":true,"href":"http:\/\/gruene-lk-ks.de\/baunatal\/wp-json\/wp\/v2\/users\/6"}],"replies":[{"embeddable":true,"href":"http:\/\/gruene-lk-ks.de\/baunatal\/wp-json\/wp\/v2\/comments?post=1606"}],"version-history":[{"count":2,"href":"http:\/\/gruene-lk-ks.de\/baunatal\/wp-json\/wp\/v2\/posts\/1606\/revisions"}],"predecessor-version":[{"id":1610,"href":"http:\/\/gruene-lk-ks.de\/baunatal\/wp-json\/wp\/v2\/posts\/1606\/revisions\/1610"}],"wp:featuredmedia":[{"embeddable":true,"href":"http:\/\/gruene-lk-ks.de\/baunatal\/wp-json\/wp\/v2\/media\/1608"}],"wp:attachment":[{"href":"http:\/\/gruene-lk-ks.de\/baunatal\/wp-json\/wp\/v2\/media?parent=1606"}],"wp:term":[{"taxonomy":"category","embeddable":true,"href":"http:\/\/gruene-lk-ks.de\/baunatal\/wp-json\/wp\/v2\/categories?post=1606"},{"taxonomy":"post_tag","embeddable":true,"href":"http:\/\/gruene-lk-ks.de\/baunatal\/wp-json\/wp\/v2\/tags?post=1606"}],"curies":[{"name":"wp","href":"https:\/\/api.w.org\/{rel}","templated":true}]}}