{"id":1611,"date":"2018-12-14T11:25:43","date_gmt":"2018-12-14T09:25:43","guid":{"rendered":"http:\/\/gruene-lk-ks.de\/baunatal\/?p=1611"},"modified":"2018-12-14T11:25:43","modified_gmt":"2018-12-14T09:25:43","slug":"gruene-zu-gast-beim-jubilaeum-des-auslaenderbeirats","status":"publish","type":"post","link":"http:\/\/gruene-lk-ks.de\/baunatal\/gruene-zu-gast-beim-jubilaeum-des-auslaenderbeirats\/","title":{"rendered":"GR\u00dcNE zu Gast beim Jubil\u00e4um des Ausl\u00e4nderbeirats"},"content":{"rendered":"<p style=\"text-align: right\"><strong>5.12.18<\/strong><\/p>\n<p><strong>Pressemitteilung<\/strong><\/p>\n<h4><strong>GR\u00dcNE zu Gast beim Jubil\u00e4um des Ausl\u00e4nderbeirats<\/strong><\/h4>\n<div id=\"attachment_1613\" class=\"wp-caption alignleft\" style=\"width: 333px\"><a class=\"fancybox\" rel=\"gallery1611\" href=\"http:\/\/gruene-lk-ks.de\/baunatal\/files\/2018\/12\/IMG_5111.jpg\"><img loading=\"lazy\" class=\"wp-image-1613\" src=\"http:\/\/gruene-lk-ks.de\/baunatal\/files\/2018\/12\/IMG_5111-800x533.jpg\" alt=\"\" width=\"333\" height=\"222\" srcset=\"http:\/\/gruene-lk-ks.de\/baunatal\/files\/2018\/12\/IMG_5111-800x533.jpg 800w, http:\/\/gruene-lk-ks.de\/baunatal\/files\/2018\/12\/IMG_5111-400x267.jpg 400w, http:\/\/gruene-lk-ks.de\/baunatal\/files\/2018\/12\/IMG_5111-768x512.jpg 768w, http:\/\/gruene-lk-ks.de\/baunatal\/files\/2018\/12\/IMG_5111-150x100.jpg 150w\" sizes=\"(max-width: 333px) 100vw, 333px\" \/><\/a><p class=\"wp-caption-text\">GR\u00dcNE Delegation mit Matthias Berghaus (FDP) \u201cin ihrer Mitte\u201c<\/p><\/div>\n<p>An der&nbsp; Feierstunde zum 25-j\u00e4hrigen Jubil\u00e4um und der erfolgreichen Integrationsarbeit des Baunataler Ausl\u00e4nderbeirats in der KULTURHALLE GRO\u00dfENRITTE nahmen auch einige GR\u00dcNE Mandatstr\u00e4ger teil. Neben Stadtrat <strong>J\u00fcrgen B\u00f6hme<\/strong>, dem Fraktionsvorsitzenden <strong>Edmund Borschel <\/strong>&nbsp;und seinem Stellvertreter <strong>Lothar Rost <\/strong>konnte <strong>Pel\u00fcl Karahan,<\/strong>derVorsitzende des Ausl\u00e4nderbeirats, auch die ehemalige GR\u00dcNE Stadtverordnete und langj\u00e4hriges Ausl\u00e4nderbeiratsmitglied&nbsp; <strong>Dr. Kamela Mohtezebsade<\/strong>begr\u00fc\u00dfen. Sie wurde an diesem Abend von ihren beiden T\u00f6chtern Venus und&nbsp; Negina begleitet.<\/p>\n<p>Auf der Veranstaltung gab es au\u00dfer mehreren Redner*innen mit Gru\u00dfworten von Stadt und Landkreis, sowie der Landesarbeitsgemeinschaft der Ausl\u00e4nderbeir\u00e4te ein vielf\u00e4ltiges Kulturprogramm in Form von Musik- und Tanzdarbietungen aus mehreren Kulturkreisen. Dabei wurde die aktive und konstruktive Mitarbeit bei politischen Gestaltungs- und Entscheidungsprozessen gew\u00fcrdigt. Dies dokumentiert eindr\u00fccklich wie in Baunatal unterschiedliche Kulturen seit vielen Jahrzehnten friedlich und harmonisch zusammenleben. Interessant ist auch, dass&nbsp; ca.&nbsp; ein Drittel der j\u00fcngeren Baunataler*innen inzwischen einen Migrationshintergrund haben, d.h. In zweiter oder dritter Generation in Deutschland leben.<\/p>\n<p>Das reichhaltige, leckere Buffet mit typischen t\u00fcrkischen, italienischen und deutschen Speisen zeigte gleicherma\u00dfen die Vielfalt beim Essen.<\/p>\n<p>Die <strong>GR\u00dcNEN Baunatal <\/strong>bedanken sich beim Ausl\u00e4nderbeirat f\u00fcr die Einladung, gratulieren zur bisherigen erfolgreichen Arbeit und w\u00fcnschen auch f\u00fcr die Zukunft dem Beirat interessierte und engagierte Mitglieder, welche die wichtige, konstruktive Arbeit weiterf\u00fchren. Auf diese Weise k\u00f6nnen auch demokratische Strukturen in unserem Land gest\u00e4rkt und gleichzeitig Angriffe von innen und au\u00dfen gemeinsam gesellschaftlich bek\u00e4mpft werden.<\/p>\n","protected":false},"excerpt":{"rendered":"<p>5.12.18 Pressemitteilung GR\u00dcNE zu Gast beim Jubil\u00e4um des Ausl\u00e4nderbeirats An der&nbsp; Feierstunde zum 25-j\u00e4hrigen Jubil\u00e4um und der erfolgreichen Integrationsarbeit des Baunataler Ausl\u00e4nderbeirats in der KULTURHALLE GRO\u00dfENRITTE nahmen auch einige GR\u00dcNE&#8230; <\/p>\n","protected":false},"author":6,"featured_media":1612,"comment_status":"closed","ping_status":"open","sticky":false,"template":"","format":"standard","meta":{"ngg_post_thumbnail":0},"categories":[1],"tags":[],"_links":{"self":[{"href":"http:\/\/gruene-lk-ks.de\/baunatal\/wp-json\/wp\/v2\/posts\/1611"}],"collection":[{"href":"http:\/\/gruene-lk-ks.de\/baunatal\/wp-json\/wp\/v2\/posts"}],"about":[{"href":"http:\/\/gruene-lk-ks.de\/baunatal\/wp-json\/wp\/v2\/types\/post"}],"author":[{"embeddable":true,"href":"http:\/\/gruene-lk-ks.de\/baunatal\/wp-json\/wp\/v2\/users\/6"}],"replies":[{"embeddable":true,"href":"http:\/\/gruene-lk-ks.de\/baunatal\/wp-json\/wp\/v2\/comments?post=1611"}],"version-history":[{"count":1,"href":"http:\/\/gruene-lk-ks.de\/baunatal\/wp-json\/wp\/v2\/posts\/1611\/revisions"}],"predecessor-version":[{"id":1614,"href":"http:\/\/gruene-lk-ks.de\/baunatal\/wp-json\/wp\/v2\/posts\/1611\/revisions\/1614"}],"wp:featuredmedia":[{"embeddable":true,"href":"http:\/\/gruene-lk-ks.de\/baunatal\/wp-json\/wp\/v2\/media\/1612"}],"wp:attachment":[{"href":"http:\/\/gruene-lk-ks.de\/baunatal\/wp-json\/wp\/v2\/media?parent=1611"}],"wp:term":[{"taxonomy":"category","embeddable":true,"href":"http:\/\/gruene-lk-ks.de\/baunatal\/wp-json\/wp\/v2\/categories?post=1611"},{"taxonomy":"post_tag","embeddable":true,"href":"http:\/\/gruene-lk-ks.de\/baunatal\/wp-json\/wp\/v2\/tags?post=1611"}],"curies":[{"name":"wp","href":"https:\/\/api.w.org\/{rel}","templated":true}]}}