{"id":211,"date":"2015-05-14T12:40:31","date_gmt":"2015-05-14T10:40:31","guid":{"rendered":"http:\/\/gruene-lk-ks.de\/baunatal\/?p=211"},"modified":"2015-05-24T21:47:02","modified_gmt":"2015-05-24T19:47:02","slug":"wohnquartier-baunsberg","status":"publish","type":"post","link":"http:\/\/gruene-lk-ks.de\/baunatal\/wohnquartier-baunsberg\/","title":{"rendered":"Wohnquartier Baunsberg"},"content":{"rendered":"<p>19.04.2015<br \/>\n<b><u>Wohnquartier Baunsberg<\/u><\/b><\/p>\n<p>Am Freitag, den 17. April 2015, fand eine B\u00fcrgerinformation im Stadtteilzentrum am Baunsberg statt.<br \/>\nAn dieser Veranstaltung haben auch die beiden GR\u00dcNEN-Stadtverordneten Edmund Borschel und Lothar Rost teilgenommen. Durch die Stadt Baunatal und durch die GWH wurden die B\u00fcrger \u00fcber die geplanten Ma\u00dfnahmen und Aktivit\u00e4ten im Wohnquartier informiert.<\/p>\n<p>Im neuen Baugebiet \u201eAkazienallee\u201c sollen auch kleine, barrierefreie und preiswerte Wohnungen entstehen. Unser Erg\u00e4nzungsantrag der GR\u00dcNEN \u201eF\u00fcr das Baugebiet sind mindestens 50 % als Mietwohnungen mit Barrierefreiheit vorzuschreiben\u201c wurde in der letzten Stadtverordnetenversammlung einstimmig beschlossen.<!--more--><\/p>\n<p>Die Entwicklungsm\u00f6glichkeiten im Wohnquartier werden durch eine aktive B\u00fcrgerbeteiligung begleitet. Durch die GWH sind Sanierungsma\u00dfnahmen an dem Geb\u00e4udebestand und Erweiterungen geplant.<br \/>\nIm Wohngebiet fehlen kleine seniorengerechte Wohnungen f\u00fcr Einzelpersonen und gr\u00f6\u00dfere Wohnungen f\u00fcr Familien.<\/p>\n<p>Die GWH hat seit \u00dcbernahme der ca. 750 Wohneinheiten am Baunsberg vor sieben Monaten bereits ca. 795.000 \u20ac f\u00fcr Sanierungsarbeiten ausgegeben.<\/p>\n<div id=\"attachment_240\" class=\"wp-caption aligncenter\" style=\"width: 600px\"><a class=\"fancybox\" rel=\"gallery211\" href=\"http:\/\/gruene-lk-ks.de\/baunatal\/files\/2015\/05\/20150417_180656_web.jpg\"><img loading=\"lazy\" class=\"size-full wp-image-240\" src=\"http:\/\/gruene-lk-ks.de\/baunatal\/files\/2015\/05\/20150417_180656_web.jpg\" alt=\"Gro\u00dfes Interesse am Quartierskonzept Baunsberg\" width=\"600\" height=\"338\" srcset=\"http:\/\/gruene-lk-ks.de\/baunatal\/files\/2015\/05\/20150417_180656_web.jpg 600w, http:\/\/gruene-lk-ks.de\/baunatal\/files\/2015\/05\/20150417_180656_web-400x225.jpg 400w, http:\/\/gruene-lk-ks.de\/baunatal\/files\/2015\/05\/20150417_180656_web-150x85.jpg 150w\" sizes=\"(max-width: 600px) 100vw, 600px\" \/><\/a><p class=\"wp-caption-text\">Gro\u00dfes Interesse am Quartierskonzept Baunsberg<\/p><\/div>\n","protected":false},"excerpt":{"rendered":"<p>19.04.2015 Wohnquartier Baunsberg Am Freitag, den 17. April 2015, fand eine B\u00fcrgerinformation im Stadtteilzentrum am Baunsberg statt. An dieser Veranstaltung haben auch die beiden GR\u00dcNEN-Stadtverordneten Edmund Borschel und Lothar Rost&#8230; <\/p>\n","protected":false},"author":5,"featured_media":0,"comment_status":"open","ping_status":"open","sticky":false,"template":"","format":"standard","meta":{"ngg_post_thumbnail":0},"categories":[1],"tags":[],"_links":{"self":[{"href":"http:\/\/gruene-lk-ks.de\/baunatal\/wp-json\/wp\/v2\/posts\/211"}],"collection":[{"href":"http:\/\/gruene-lk-ks.de\/baunatal\/wp-json\/wp\/v2\/posts"}],"about":[{"href":"http:\/\/gruene-lk-ks.de\/baunatal\/wp-json\/wp\/v2\/types\/post"}],"author":[{"embeddable":true,"href":"http:\/\/gruene-lk-ks.de\/baunatal\/wp-json\/wp\/v2\/users\/5"}],"replies":[{"embeddable":true,"href":"http:\/\/gruene-lk-ks.de\/baunatal\/wp-json\/wp\/v2\/comments?post=211"}],"version-history":[{"count":3,"href":"http:\/\/gruene-lk-ks.de\/baunatal\/wp-json\/wp\/v2\/posts\/211\/revisions"}],"predecessor-version":[{"id":243,"href":"http:\/\/gruene-lk-ks.de\/baunatal\/wp-json\/wp\/v2\/posts\/211\/revisions\/243"}],"wp:attachment":[{"href":"http:\/\/gruene-lk-ks.de\/baunatal\/wp-json\/wp\/v2\/media?parent=211"}],"wp:term":[{"taxonomy":"category","embeddable":true,"href":"http:\/\/gruene-lk-ks.de\/baunatal\/wp-json\/wp\/v2\/categories?post=211"},{"taxonomy":"post_tag","embeddable":true,"href":"http:\/\/gruene-lk-ks.de\/baunatal\/wp-json\/wp\/v2\/tags?post=211"}],"curies":[{"name":"wp","href":"https:\/\/api.w.org\/{rel}","templated":true}]}}