{"id":231,"date":"2015-05-21T15:01:46","date_gmt":"2015-05-21T13:01:46","guid":{"rendered":"http:\/\/gruene-lk-ks.de\/baunatal\/?p=231"},"modified":"2015-05-23T10:46:14","modified_gmt":"2015-05-23T08:46:14","slug":"stellungnahme-der-gruenen-fraktion-zur-situation-der-kindertagesstaetten-in-baunatal-im-kita-jahr-201516","status":"publish","type":"post","link":"http:\/\/gruene-lk-ks.de\/baunatal\/stellungnahme-der-gruenen-fraktion-zur-situation-der-kindertagesstaetten-in-baunatal-im-kita-jahr-201516\/","title":{"rendered":"Engp\u00e4sse bei den Kindergartenpl\u00e4tzen im Kita-Jahr 2015\/16"},"content":{"rendered":"<p><strong>Mit Erstaunen haben die GR\u00dcNEN Baunatal die aktuellen Zahlen bei den Anmeldungen f\u00fcr Kindergartenpl\u00e4tze im Jahr 2015\/16 zur Kenntnis genommen. <\/strong><\/p>\n<p><strong>Engp\u00e4sse, entstanden scheinbar \u00fcber Nacht, bei den Kindergartenanmeldungen in Gro\u00dfenritte zwingen Magistrat und Verwaltung kurzfristig zu ungew\u00f6hnlichen L\u00f6sungen. So wird ein Umbau des urspr\u00fcnglich geplanten Stadtplatz-Cafes in eine tempor\u00e4re Kita ins Auge gefasst.<\/strong><\/p>\n<p><strong>Aufgrund des vorliegenden Informationsstands lehnt die GR\u00dcNEN Fraktion dies allerdings aus verschiedenen Gr\u00fcnden ab.<\/strong><\/p>\n<p>Die anvisierte\u00a0 m\u00f6gliche L\u00f6sung, das Stadtplatz-Cafe Am Obersten Heimbach in Gro\u00dfenritte als Ausweich-Kita f\u00fcr einige Jahre zu nutzen, wird von den GR\u00dcNEN u.a. abgelehnt, weil die baulichen Voraussetzungen nicht erf\u00fcllt sind bzw.\u00a0 Anforderungen an eine Kita erst erreicht und von der Stadt finanziert werden m\u00fcssten. Ebenso wird seitens der Stadt eine mindestens f\u00fcnfj\u00e4hrige Anmietung angepeilt.<\/p>\n<p>Als<strong> alternative L\u00f6sung<\/strong> sollten, nach Meinung der GR\u00dcNEN Pavillons bei Bedarf tempor\u00e4r und flexibel aufgestellt werden, bis die Kita am Gertrudenstift gebaut wird. In Planung ist dort eine Bereitstellung von 60 neuen Pl\u00e4tzen im Kita-Jahr 2016\/17 , wie vom Sozialausschussvorsitzenden Wolfram Meibaum in der Stavo vom 16.3.2015 angesprochen.<br \/>\nDar\u00fcber hinaus mahnen die GR\u00dcNEN ein <strong>mittelfristiges Gesamtkonzept f\u00fcr alle Kindertagesst\u00e4tten<\/strong> in Baunatal\u00a0 f\u00fcr die kommenden 3 &#8211; 5 Jahre an. Grund: Das Ungleichgewicht zwischen den einzelnen Stadtteilen und die Ausweisung neuer Baugebiete, z. B. Am Baunsberg, Wei\u00dfes Feld, &#8230; mit Neuzuzug auch von jungen Familien m\u00fcssen dabei ber\u00fccksichtigt werden.<\/p>\n<p>Um die von der Verwaltung vorgeschlagenen L\u00f6sungen nicht nur im kleinen Kreis und isoliert mit einzelnen Eltern zu er\u00f6rtern, schlagen die GR\u00dcNEN vor, kurzfristig eine <strong>Versammlung mit allen betroffenen Eltern<\/strong> (bes. in Gro\u00dfenritte) einzuberufen, um gemeinsam nach L\u00f6sungsm\u00f6glichkeiten f\u00fcr das kommende Kita-Jahr zu suchen. Dabei k\u00f6nnen direkt mit den Betroffenen Themen wie: Gruppengr\u00f6\u00dfen, Standortfragen und Elternmobilit\u00e4t zu \u201cfreien Kita-Pl\u00e4tzen\u201c in Baunatal diskutiert werden, um m\u00f6glichst solidarisch zu einvernehmlichen L\u00f6sungen zu kommen. Baunatal setzt seit Jahren bei weniger bedeutsamen Themen das Forum der B\u00fcrgerinformation und der B\u00fcrgergespr\u00e4che erfolgreich ein.<\/p>\n<p>F\u00fcr die Fraktion,<\/p>\n<p>Edmund Borschel<br \/>\n(Fraktionsvorsitzender)<\/p>\n<div id=\"attachment_230\" class=\"wp-caption aligncenter\" style=\"width: 400px\"><a class=\"fancybox\" rel=\"gallery231\" href=\"http:\/\/gruene-lk-ks.de\/baunatal\/files\/2015\/05\/Rohbau_Cafe_am_Stadtplatz_web.jpg\"><img loading=\"lazy\" class=\"size-medium wp-image-230\" src=\"http:\/\/gruene-lk-ks.de\/baunatal\/files\/2015\/05\/Rohbau_Cafe_am_Stadtplatz_web-400x300.jpg\" alt=\"In diesen Rohbau soll eventuell eine Kindertagesst\u00e4tte vor\u00fcbergehend einziehen\" width=\"400\" height=\"300\" srcset=\"http:\/\/gruene-lk-ks.de\/baunatal\/files\/2015\/05\/Rohbau_Cafe_am_Stadtplatz_web-400x300.jpg 400w, http:\/\/gruene-lk-ks.de\/baunatal\/files\/2015\/05\/Rohbau_Cafe_am_Stadtplatz_web-150x113.jpg 150w, http:\/\/gruene-lk-ks.de\/baunatal\/files\/2015\/05\/Rohbau_Cafe_am_Stadtplatz_web.jpg 600w\" sizes=\"(max-width: 400px) 100vw, 400px\" \/><\/a><p class=\"wp-caption-text\">In diesen Rohbau soll eventuell eine Kindertagesst\u00e4tte vor\u00fcbergehend einziehen<\/p><\/div>\n","protected":false},"excerpt":{"rendered":"<p>Mit Erstaunen haben die GR\u00dcNEN Baunatal die aktuellen Zahlen bei den Anmeldungen f\u00fcr Kindergartenpl\u00e4tze im Jahr 2015\/16 zur Kenntnis genommen. Engp\u00e4sse, entstanden scheinbar \u00fcber Nacht, bei den Kindergartenanmeldungen in Gro\u00dfenritte&#8230; <\/p>\n","protected":false},"author":5,"featured_media":0,"comment_status":"open","ping_status":"open","sticky":false,"template":"","format":"standard","meta":{"ngg_post_thumbnail":0},"categories":[1],"tags":[],"_links":{"self":[{"href":"http:\/\/gruene-lk-ks.de\/baunatal\/wp-json\/wp\/v2\/posts\/231"}],"collection":[{"href":"http:\/\/gruene-lk-ks.de\/baunatal\/wp-json\/wp\/v2\/posts"}],"about":[{"href":"http:\/\/gruene-lk-ks.de\/baunatal\/wp-json\/wp\/v2\/types\/post"}],"author":[{"embeddable":true,"href":"http:\/\/gruene-lk-ks.de\/baunatal\/wp-json\/wp\/v2\/users\/5"}],"replies":[{"embeddable":true,"href":"http:\/\/gruene-lk-ks.de\/baunatal\/wp-json\/wp\/v2\/comments?post=231"}],"version-history":[{"count":4,"href":"http:\/\/gruene-lk-ks.de\/baunatal\/wp-json\/wp\/v2\/posts\/231\/revisions"}],"predecessor-version":[{"id":237,"href":"http:\/\/gruene-lk-ks.de\/baunatal\/wp-json\/wp\/v2\/posts\/231\/revisions\/237"}],"wp:attachment":[{"href":"http:\/\/gruene-lk-ks.de\/baunatal\/wp-json\/wp\/v2\/media?parent=231"}],"wp:term":[{"taxonomy":"category","embeddable":true,"href":"http:\/\/gruene-lk-ks.de\/baunatal\/wp-json\/wp\/v2\/categories?post=231"},{"taxonomy":"post_tag","embeddable":true,"href":"http:\/\/gruene-lk-ks.de\/baunatal\/wp-json\/wp\/v2\/tags?post=231"}],"curies":[{"name":"wp","href":"https:\/\/api.w.org\/{rel}","templated":true}]}}