{"id":246,"date":"2015-06-03T09:48:31","date_gmt":"2015-06-03T07:48:31","guid":{"rendered":"http:\/\/gruene-lk-ks.de\/baunatal\/?p=246"},"modified":"2015-06-03T09:48:31","modified_gmt":"2015-06-03T07:48:31","slug":"gruene-kritisieren-baunataler-informationspolitik-zu-kita-plaetzen","status":"publish","type":"post","link":"http:\/\/gruene-lk-ks.de\/baunatal\/gruene-kritisieren-baunataler-informationspolitik-zu-kita-plaetzen\/","title":{"rendered":"GR\u00dcNE kritisieren Baunataler Informationspolitik zu Kita-Pl\u00e4tzen"},"content":{"rendered":"<p>Pressemitteilung<\/p>\n<p><strong><u>GR\u00dcNE kritisieren Baunataler Informationspolitik zu Kita-Pl\u00e4tzen <\/u><\/strong><strong><br \/>\n<\/strong><br \/>\n<strong>Mit Verwunderung haben die GR\u00dcNEN Baunatal die aktuelle Berichterstattung zum geplanten neuen Kita-Standort am Obersten Heimbach zur Kenntnis genommen.\u00a0\u00a0\u00a0\u00a0\u00a0\u00a0\u00a0\u00a0 So gab es in der Sozialausschusssitzung am 27. Mai 2015 keine Abstimmung zur neuen Kita am Stadtplatz, bevor nicht alle Details offengelegt werden, welche Zugest\u00e4ndnisse dem Bauherren gemacht werden bei der Fertigstellung des Geb\u00e4udes, der Ausstattung, die eine Kita erfordert und bei der L\u00e4nge des Mietvertrages. <\/strong>Dass die Skepsis zu den Verhandlungen zwischen Stadt und Investor bei den GR\u00dcNEN Stadtverordneten angebracht war, zeigt sich am HNA-Artikel \u201eKita statt Cafe am Heimbach\u201c vom 2.6.2015.<\/p>\n<p>Wir kritisieren dabei besonders die Informationspolitik des B\u00fcrgermeisters, da sie in mehreren Punkten nicht deckungsgleich ist mit dem, was im \u00f6ffentlich tagenden Sozialausschuss von ihm vorgetragen wurde. So wurde von einem bereits ausgehandelten <strong>Mietpreis<\/strong> <strong>von 1.500 \u20ac pro Monat<\/strong> f\u00fcr die 154 Quadratmeter im EG gesprochen. Der Vermieter wollte auch den <strong>Ausbau der<\/strong> <strong>R\u00e4ume f\u00fcr eine Kita-Nutzung sowie des Sanit\u00e4rbereichs<\/strong> \u00fcbernehmen, lediglich die besondere Kita-M\u00f6blierung in H\u00f6he von 25.000 \u20ac wollte die Stadt tragen.<\/p>\n<p>Fraglich ist zudem, wie leicht Wohnungen in einem Haus mit Kita im Erdgeschoss vom privaten Investor zu verkaufen oder zu vermieten sind. Gepr\u00fcft werden muss auch, inwieweit die besonderen <strong>Anforderungen an eine Kindertagesst\u00e4tte in einem \u201cWohngeb\u00e4ude\u201c<\/strong> mit unterschiedlicher Nutzung auf den jeweiligen Stockwerken erf\u00fcllt sind.<\/p>\n<p>Ebensowenig wurde im Ausschuss der <strong>Einzug einer Kita-Gruppe bereits zum September 2015<\/strong> in Aussicht gestellt. Vielmehr machten sich alle Fraktionen Gedanken, wie der Fehlbedarf von 60 Kita- und Hort-Pl\u00e4tzen im kommenden Kita-Jahr 2015\/16 aufgefangen werden kann, notfalls auch mit einer tempor\u00e4ren \u00dcberbr\u00fcckung bzw. Unterbringung von etwa 40 Kindern in Pavillons.<\/p>\n<p>Wir GR\u00dcNEN begr\u00fc\u00dfen dagegen die Ank\u00fcndigung von BM Manfred Schaub, dass nun doch die Stadtverordnetenversammlung \u00fcber diesen Themenkomplex beraten und abstimmen soll, da zun\u00e4chst angek\u00fcndigt wurde, dass nur der Magistrat die Entscheidungen treffen sollte.<\/p>\n<p>Vollkommen ausgeblendet wurde jedoch im Rathaus und beim B\u00fcrgermeister <strong>der beantragte Bau der neuen\u00a0 Kita am Gertrudenstift, f\u00fcr 60 Kinder und 3 Gruppen.<\/strong><strong>\u00a0 Die GR\u00dcNEN verlangen daher, dass diese neue Kita am Gertrudenstift in das\u00a0 Gesamtkonzept aller Kindertagesst\u00e4tten in Baunatal\u00a0 f\u00fcr die kommenden 3 &#8211; 5 Jahre eingebaut wird. <\/strong><\/p>\n<p>Grund: Das Ungleichgewicht zwischen den einzelnen Stadtteilen, z. B. in Gro\u00dfenritte und die Ausweisung neuer Baugebiete, z. B. Am Baunsberg, Wei\u00dfes Feld, &#8230; mit Neuzuzug auch von jungen Familien m\u00fcssen dabei ber\u00fccksichtigt werden.<\/p>\n<p>Die M\u00f6glichkeit einer Bereitstellung von 60 neuen Pl\u00e4tzen am Gertrudenstift im Kita-Jahr 2016\/17 wurde auch\u00a0 bereits vom Sozialausschussvorsitzenden Wolfram Meibaum in der Stavo vom 16.3.2015 angesprochen und begr\u00fc\u00dft.<\/p>\n","protected":false},"excerpt":{"rendered":"<p>Pressemitteilung GR\u00dcNE kritisieren Baunataler Informationspolitik zu Kita-Pl\u00e4tzen Mit Verwunderung haben die GR\u00dcNEN Baunatal die aktuelle Berichterstattung zum geplanten neuen Kita-Standort am Obersten Heimbach zur Kenntnis genommen.\u00a0\u00a0\u00a0\u00a0\u00a0\u00a0\u00a0\u00a0 So gab es in&#8230; <\/p>\n","protected":false},"author":6,"featured_media":0,"comment_status":"open","ping_status":"open","sticky":false,"template":"","format":"standard","meta":{"ngg_post_thumbnail":0},"categories":[1],"tags":[],"_links":{"self":[{"href":"http:\/\/gruene-lk-ks.de\/baunatal\/wp-json\/wp\/v2\/posts\/246"}],"collection":[{"href":"http:\/\/gruene-lk-ks.de\/baunatal\/wp-json\/wp\/v2\/posts"}],"about":[{"href":"http:\/\/gruene-lk-ks.de\/baunatal\/wp-json\/wp\/v2\/types\/post"}],"author":[{"embeddable":true,"href":"http:\/\/gruene-lk-ks.de\/baunatal\/wp-json\/wp\/v2\/users\/6"}],"replies":[{"embeddable":true,"href":"http:\/\/gruene-lk-ks.de\/baunatal\/wp-json\/wp\/v2\/comments?post=246"}],"version-history":[{"count":1,"href":"http:\/\/gruene-lk-ks.de\/baunatal\/wp-json\/wp\/v2\/posts\/246\/revisions"}],"predecessor-version":[{"id":247,"href":"http:\/\/gruene-lk-ks.de\/baunatal\/wp-json\/wp\/v2\/posts\/246\/revisions\/247"}],"wp:attachment":[{"href":"http:\/\/gruene-lk-ks.de\/baunatal\/wp-json\/wp\/v2\/media?parent=246"}],"wp:term":[{"taxonomy":"category","embeddable":true,"href":"http:\/\/gruene-lk-ks.de\/baunatal\/wp-json\/wp\/v2\/categories?post=246"},{"taxonomy":"post_tag","embeddable":true,"href":"http:\/\/gruene-lk-ks.de\/baunatal\/wp-json\/wp\/v2\/tags?post=246"}],"curies":[{"name":"wp","href":"https:\/\/api.w.org\/{rel}","templated":true}]}}