{"id":250,"date":"2015-06-15T23:50:10","date_gmt":"2015-06-15T21:50:10","guid":{"rendered":"http:\/\/gruene-lk-ks.de\/baunatal\/?p=250"},"modified":"2015-06-15T23:51:40","modified_gmt":"2015-06-15T21:51:40","slug":"gruener-ortsverband-diskutiert-die-bauvorhaben-der-stadt-baunatal-aus-der-stadtverordnetenversammlung-vom-08-06-2015","status":"publish","type":"post","link":"http:\/\/gruene-lk-ks.de\/baunatal\/gruener-ortsverband-diskutiert-die-bauvorhaben-der-stadt-baunatal-aus-der-stadtverordnetenversammlung-vom-08-06-2015\/","title":{"rendered":"GR\u00dcNER Ortsverband diskutiert die Bauvorhaben der Stadt Baunatal aus der Stadtverordnetenversammlung vom 08.06.2015"},"content":{"rendered":"<p><b><\/b><b>Aufstellungsbeschluss Bebauungsplan \u201eMoltkestra\u00dfe\u201c in Gro\u00dfenritte<\/b><\/p>\n<p>Zwischen Raiffeisen-\/ Schauenburger-\/Bismarck- und\u00a0 Moltkestra\u00dfe wird die landwirtschaftliche Nutzung aufgegeben, so dass sich hier die M\u00f6glichkeit ergibt , durch Nachverdichtung im Innenbereich neuen Wohnraum zu schaffen. Nachverdichtungsma\u00dfnahmen sind immer zu begr\u00fc\u00dfen, da hier keine neuen Landschaftsfl\u00e4chen verbraucht werden. Die Vertreter der GR\u00dcNEN\u00a0 haben der geplanten Nahverdichtung zugestimmt.<\/p>\n<p><b>Aufstellungsbeschluss Bebauungsplan \u201eAm Russgraben\u201c in Kirchbauna<\/b><\/p>\n<p>Vor Ausweisung neuer Baugebiete ist der Ortsverband der GR\u00dcNEN der Meinung, dass die Bebauung von verf\u00fcgbaren Baul\u00fccken in allen Stadtteilen Vorrang haben muss. Eine preiswerte Reihenhausbebauung sollte jedoch in jedem neuen Baugebiet gepr\u00fcft werden. Die Vertreter der GR\u00dcNEN\u00a0 haben der geplanten Erweiterung zugestimmt.<\/p>\n<p><b>Aufstellungsbeschluss Bebauungsplan \u201eStadtzentrum\u201c in Altenbauna<\/b><\/p>\n<p>Eine Mehrheit der GR\u00dcNEN Stadtverordneten war gegen eine Erweiterung des ALDI-Marktes, da durch die Vergr\u00f6\u00dferung mit zus\u00e4tzlichem Verkehrsaufkommen zu rechen ist bei einer bereits un\u00fcbersichtlichen Verkehrssituation. Zus\u00e4tzlich f\u00fchrt die Erweiterung zu einem <b>Verdr\u00e4ngungswettbewerb gegen die Innenstadtgesch\u00e4fte<\/b>. Das Abstimmungsverhalten innerhalb der Fraktion wurde freigegeben.<\/p>\n<p><b>Bebauungsplan \u201eGewerbegebiet Gro\u00dfenritter Str.\u201c in Hertingshausen<\/b><\/p>\n<p>Die geplante Betriebserweiterung der Firma Finoba, soll zur Standortsicherung dienen und\u00a0 ca. 100 neue Arbeitspl\u00e4tze schaffen, was wir GR\u00dcNE positiv sehen. Die Verkehrsbelastung wird jedoch steigen, was die Nachbarschaft zus\u00e4tzlich belastet. Auf Grundlage eines schalltechnischen Gutachtens sollen zum Schutz der Nachbarschaft L\u00e4rmschutzma\u00dfnahmen zur Sicherstellung des Immissionsschutzes getroffen werden. Noch ungekl\u00e4rte \u00c4nderungen landwirtschaftlicher Verkehrswege bergen das Risiko zus\u00e4tzlicher Verkehrsbelastungen.<\/p>\n<p>Das Grundst\u00fcck wurde bisher als landwirtschaftliche Fl\u00e4che genutzt. Die notwendigen Kompensationsma\u00dfnahmen sollen auf einer nahen Fl\u00e4che erfolgen.<\/p>\n<p><b>Unserem Vorschlag zur Verbesserung des Geb\u00e4ude \u2013 Energiestandards und einer<\/b> <b>Dachbegr\u00fcnung<\/b> <b>wurde leider nicht gefolgt<\/b>. Derzeit wird ein Energiekonzept f\u00fcr den Gesamtbetrieb erstellt. Der Einbau von Solaranlagen und eines Blockheizkraftwerkes wird in diesem Zusammenhang gepr\u00fcft und hoffentlich auch umgesetzt.<\/p>\n<p>In der Sitzung am 30.09.2013, also vor fast 2 Jahren, wurde die Aufstellung des Bebauungsplanes beschlossen. Unter Ber\u00fccksichtigung der eingegangenen Anregungen und Bedenken sollte nun der Bebauungsplan beschlossen werden. <b>Auf Grundlage einer Teilbaugenehmigung vom 25.02.2015 wurde aber bereits im M\u00e4rz 2015 mit den Arbeiten begonnen.<\/b> Am 27.01.2015 wurde der Magistrat \u00fcber die Teilbaugenehmigung unterrichtet.<\/p>\n<p><b>Die Stadtverordneten wurden \u00fcber diese wichtige Entscheidung aber nicht zeitnah informiert.<\/b><\/p>\n<p>In der HGO \u00a750, Absatz 3, steht: \u201cDer Gemeindevorstand hat die Gemeindevertretung \u00fcber die wichtigen Verwaltungsangelegenheiten laufend zu unterrichten und wichtige Anordnungen der Aufsichtsbeh\u00f6rden mitzuteilen\u201c. Nach unserer Auffassung wurden diese Vorgaben nicht erf\u00fcllt, was eine Missachtung der Rechte unserer Gemeindevertreter bedeutet.<\/p>\n<p>Aus diesem Grund haben <b>die GR\u00dcNEN dem Bebauungsplan nicht zugestimmt.<\/b><\/p>\n","protected":false},"excerpt":{"rendered":"<p>Aufstellungsbeschluss Bebauungsplan \u201eMoltkestra\u00dfe\u201c in Gro\u00dfenritte Zwischen Raiffeisen-\/ Schauenburger-\/Bismarck- und\u00a0 Moltkestra\u00dfe wird die landwirtschaftliche Nutzung aufgegeben, so dass sich hier die M\u00f6glichkeit ergibt , durch Nachverdichtung im Innenbereich neuen Wohnraum zu&#8230; <\/p>\n","protected":false},"author":6,"featured_media":0,"comment_status":"open","ping_status":"open","sticky":false,"template":"","format":"standard","meta":{"ngg_post_thumbnail":0},"categories":[1],"tags":[],"_links":{"self":[{"href":"http:\/\/gruene-lk-ks.de\/baunatal\/wp-json\/wp\/v2\/posts\/250"}],"collection":[{"href":"http:\/\/gruene-lk-ks.de\/baunatal\/wp-json\/wp\/v2\/posts"}],"about":[{"href":"http:\/\/gruene-lk-ks.de\/baunatal\/wp-json\/wp\/v2\/types\/post"}],"author":[{"embeddable":true,"href":"http:\/\/gruene-lk-ks.de\/baunatal\/wp-json\/wp\/v2\/users\/6"}],"replies":[{"embeddable":true,"href":"http:\/\/gruene-lk-ks.de\/baunatal\/wp-json\/wp\/v2\/comments?post=250"}],"version-history":[{"count":2,"href":"http:\/\/gruene-lk-ks.de\/baunatal\/wp-json\/wp\/v2\/posts\/250\/revisions"}],"predecessor-version":[{"id":252,"href":"http:\/\/gruene-lk-ks.de\/baunatal\/wp-json\/wp\/v2\/posts\/250\/revisions\/252"}],"wp:attachment":[{"href":"http:\/\/gruene-lk-ks.de\/baunatal\/wp-json\/wp\/v2\/media?parent=250"}],"wp:term":[{"taxonomy":"category","embeddable":true,"href":"http:\/\/gruene-lk-ks.de\/baunatal\/wp-json\/wp\/v2\/categories?post=250"},{"taxonomy":"post_tag","embeddable":true,"href":"http:\/\/gruene-lk-ks.de\/baunatal\/wp-json\/wp\/v2\/tags?post=250"}],"curies":[{"name":"wp","href":"https:\/\/api.w.org\/{rel}","templated":true}]}}