{"id":264,"date":"2015-07-12T22:07:29","date_gmt":"2015-07-12T20:07:29","guid":{"rendered":"http:\/\/gruene-lk-ks.de\/baunatal\/?p=264"},"modified":"2015-07-12T23:27:36","modified_gmt":"2015-07-12T21:27:36","slug":"gruene-stadtverordnete-bewegen-e-mobile","status":"publish","type":"post","link":"http:\/\/gruene-lk-ks.de\/baunatal\/gruene-stadtverordnete-bewegen-e-mobile\/","title":{"rendered":"GR\u00dcNE Stadtverordnete bewegen E-Mobile"},"content":{"rendered":"<p><b>Baunatal, 12. Juli<\/b><b> <\/b><b>2015<\/b><\/p>\n<p><b>Pressemitteilung <\/b><\/p>\n<p><b>GR\u00dcNE Stadtverordnete bewegen E-Mobile<\/b><\/p>\n<p>Die GR\u00dcNEN Baunatal, vertreten durch ihre Mandatstr\u00e4ger Ursula Dittmar-Loewe, Lothar Rost und den Fraktionsvorsitzenden Edmund Borschel, nahmen an der Rallye f\u00fcr E-Fahrzeuge im Wolfhager Land teil. Bei der Sternfahrt waren 17-E-Fahrzeuge im Angebot, von 8 verschiedenen Herstellern und unter Beteiligung von ca. 40 interessierten \u201cTestfahrerInnen\u201c.<\/p>\n<p>&nbsp;<div class=\"wp-caption aligncenter\" style=\"width: 1800px\"><a class=\"fancybox\" rel=\"gallery264\" href=\"http:\/\/gruene-lk-ks.de\/baunatal\/files\/2015\/07\/IMG_2676.jpg\"><img loading=\"lazy\" width=\"1800\" height=\"1200\" alt=\"\" src=\"http:\/\/gruene-lk-ks.de\/baunatal\/files\/2015\/07\/IMG_2676.jpg\" title=\"\" class=\"size-large\"><\/a><p class=\"wp-caption-text\">E-mobile Fahrzeugflotte am Europaplatz<\/p><\/div>&nbsp;<br \/>\nDie kleinste Fraktion im Stadtparlament hatte das Vergn\u00fcgen in den kleinsten, wendigsten und im Stromverbrauch effizientesten Fahrzeugen dieser Flotte, einem VW e-up&nbsp; und einem Smart&nbsp; die Tour zu bestreiten. Die Fahrt im Regen f\u00fchrte zun\u00e4chst zur Pommernkaserne in Wolfhagen, mit Besichtigung einer im Dach integrierten 193 kWp PV-Anlage und einem Vortrag von Frau Jana Schr\u00f6der zur regionalen Ausrichtung der Stadtwerke Wolfhagen, einem Stromanbieter mit 100 % selbsterzeugter regenerativer Energie.<\/p>\n<p><div id=\"attachment_266\" class=\"wp-caption aligncenter\" style=\"width: 783px\"><a class=\"fancybox\" rel=\"gallery264\" href=\"http:\/\/gruene-lk-ks.de\/baunatal\/files\/2015\/07\/2015_GR\u00dcNE_E-Mobil-Rallye_07-12-030.jpg\"><img loading=\"lazy\" class=\"wp-image-266 size-large\" src=\"http:\/\/gruene-lk-ks.de\/baunatal\/files\/2015\/07\/2015_GR\u00dcNE_E-Mobil-Rallye_07-12-030-800x533.jpg\" alt=\"Klein aber fein! GR\u00dcNE am SMART.\" width=\"783\" height=\"522\" srcset=\"http:\/\/gruene-lk-ks.de\/baunatal\/files\/2015\/07\/2015_GR\u00dcNE_E-Mobil-Rallye_07-12-030-800x533.jpg 800w, http:\/\/gruene-lk-ks.de\/baunatal\/files\/2015\/07\/2015_GR\u00dcNE_E-Mobil-Rallye_07-12-030-400x267.jpg 400w, http:\/\/gruene-lk-ks.de\/baunatal\/files\/2015\/07\/2015_GR\u00dcNE_E-Mobil-Rallye_07-12-030-150x100.jpg 150w\" sizes=\"(max-width: 783px) 100vw, 783px\" \/><\/a><p class=\"wp-caption-text\">Klein aber fein! GR\u00dcNE am SMART.<\/p><\/div>Anschlie\u00dfend wurden noch die seit 2014 in Betrieb befindlichen Windkraftanlagen auf dem R\u00f6deser Berg in Augenschein genommen.<\/p>\n<p>Mehr zu dieser interessanten, von der GR\u00dcNEN Fraktion im letzten Jahr angeregten, \u00f6kologisch ausgerichteten&nbsp; und aufschlussreichen Fahrt finden Sie hier in der kommenden BN und unter&nbsp;<b>www.gruene-baunatal.de<\/b>.<\/p>\n","protected":false},"excerpt":{"rendered":"<p>Baunatal, 12. Juli 2015 Pressemitteilung GR\u00dcNE Stadtverordnete bewegen E-Mobile Die GR\u00dcNEN Baunatal, vertreten durch ihre Mandatstr\u00e4ger Ursula Dittmar-Loewe, Lothar Rost und den Fraktionsvorsitzenden Edmund Borschel, nahmen an der Rallye f\u00fcr&#8230; <\/p>\n","protected":false},"author":6,"featured_media":0,"comment_status":"open","ping_status":"open","sticky":false,"template":"","format":"standard","meta":{"ngg_post_thumbnail":0},"categories":[1],"tags":[],"_links":{"self":[{"href":"http:\/\/gruene-lk-ks.de\/baunatal\/wp-json\/wp\/v2\/posts\/264"}],"collection":[{"href":"http:\/\/gruene-lk-ks.de\/baunatal\/wp-json\/wp\/v2\/posts"}],"about":[{"href":"http:\/\/gruene-lk-ks.de\/baunatal\/wp-json\/wp\/v2\/types\/post"}],"author":[{"embeddable":true,"href":"http:\/\/gruene-lk-ks.de\/baunatal\/wp-json\/wp\/v2\/users\/6"}],"replies":[{"embeddable":true,"href":"http:\/\/gruene-lk-ks.de\/baunatal\/wp-json\/wp\/v2\/comments?post=264"}],"version-history":[{"count":5,"href":"http:\/\/gruene-lk-ks.de\/baunatal\/wp-json\/wp\/v2\/posts\/264\/revisions"}],"predecessor-version":[{"id":271,"href":"http:\/\/gruene-lk-ks.de\/baunatal\/wp-json\/wp\/v2\/posts\/264\/revisions\/271"}],"wp:attachment":[{"href":"http:\/\/gruene-lk-ks.de\/baunatal\/wp-json\/wp\/v2\/media?parent=264"}],"wp:term":[{"taxonomy":"category","embeddable":true,"href":"http:\/\/gruene-lk-ks.de\/baunatal\/wp-json\/wp\/v2\/categories?post=264"},{"taxonomy":"post_tag","embeddable":true,"href":"http:\/\/gruene-lk-ks.de\/baunatal\/wp-json\/wp\/v2\/tags?post=264"}],"curies":[{"name":"wp","href":"https:\/\/api.w.org\/{rel}","templated":true}]}}