{"id":272,"date":"2015-07-20T13:01:14","date_gmt":"2015-07-20T11:01:14","guid":{"rendered":"http:\/\/gruene-lk-ks.de\/baunatal\/?p=272"},"modified":"2015-07-20T13:01:14","modified_gmt":"2015-07-20T11:01:14","slug":"gruene-stadtverordnete-besichtigen-wind-und-pv-anlagen-der-stadtwerke-wolfhagen","status":"publish","type":"post","link":"http:\/\/gruene-lk-ks.de\/baunatal\/gruene-stadtverordnete-besichtigen-wind-und-pv-anlagen-der-stadtwerke-wolfhagen\/","title":{"rendered":"GR\u00dcNE Stadtverordnete besichtigen Wind- und PV-Anlagen der Stadtwerke Wolfhagen"},"content":{"rendered":"<p style=\"text-align: right\"><b>Baunatal, 19. Juli<\/b><b> <\/b><b>2015<\/b><\/p>\n<p><b>Pressemitteilung <\/b><\/p>\n<p><b>GR\u00dcNE Stadtverordnete besichtigen Wind- und PV-Anlagen der Stadtwerke Wolfhagen<\/b><\/p>\n<p>Im Rahmen der Rallye f\u00fcr E-Fahrzeuge ins Wolfhager Land besuchten die GR\u00dcNEN Stadtverordneten Ursula Dittmar-Loewe, Lothar Rost und der Fraktionsvorsitzende Edmund Borschel gemeinsam mit 40 interessierten \u201cTestfahrerInnen\u201c auch die alte Anlage der Pommernkaserne in Wolfhagen, mit einer im Dach integrierten 193 kWp PV-Anlage, welche auf einer Fl\u00e4che von 4.300 m\u00b2 etwa 160.000 kWh \u201esauberen\u201c Strom erzeugt. Dabei werden 7.160 amorphe Glas-Solarmodule verwendet, die eine hohe Lichtdurchl\u00e4ssigkeit gew\u00e4hren. Damit kann der j\u00e4hrliche Stromverbrauch von etwa 100 Single-Haushalten abgedeckt werden.<\/p>\n<div id=\"attachment_274\" class=\"wp-caption aligncenter\" style=\"width: 783px\"><a class=\"fancybox\" rel=\"gallery272\" href=\"http:\/\/gruene-lk-ks.de\/baunatal\/files\/2015\/07\/2015_GR\u00dcNE_E-Mobil-Rallye_07-12-007.jpg\"><img loading=\"lazy\" class=\"wp-image-274 size-large\" src=\"http:\/\/gruene-lk-ks.de\/baunatal\/files\/2015\/07\/2015_GR\u00dcNE_E-Mobil-Rallye_07-12-007-800x533.jpg\" alt=\"Auftanken an einer Wolfhager Solar-Tankstelle\" width=\"783\" height=\"522\" srcset=\"http:\/\/gruene-lk-ks.de\/baunatal\/files\/2015\/07\/2015_GR\u00dcNE_E-Mobil-Rallye_07-12-007-800x533.jpg 800w, http:\/\/gruene-lk-ks.de\/baunatal\/files\/2015\/07\/2015_GR\u00dcNE_E-Mobil-Rallye_07-12-007-400x267.jpg 400w, http:\/\/gruene-lk-ks.de\/baunatal\/files\/2015\/07\/2015_GR\u00dcNE_E-Mobil-Rallye_07-12-007-150x100.jpg 150w\" sizes=\"(max-width: 783px) 100vw, 783px\" \/><\/a><p class=\"wp-caption-text\">Auftanken an einer Wolfhager Solar-Tankstelle<\/p><\/div>\n<p>In ihrem Vortrag erl\u00e4uterte die Mitarbeiterin Frau Jana Schr\u00f6der die regionale Ausrichtung der Stadtwerke Wolfhagen, einem Stromanbieter mit 100 % selbsterzeugter regenerativer Energie. Die Philosophie <b>\u201cregionale Wertsch\u00f6pfung f\u00fcr die Kunden\u201c <\/b>wird u.a. gelebt durch eine BEG (B\u00fcrgerenergiegenossenschaft), an der sich alle Kunden der Stadtwerke von 500,- \u20ac mit bis zu 20.000 \u20ac\u00a0 Einlage beteiligen k\u00f6nnen. Somit kann jeder Anteilseigner am Gewinn seines Stadtwerks teilhaben<\/p>\n<p>Die dortigen Stadtwerke sind auch in einem Verbund mit weiteren 6 nordhessischen Stadtwerken in der SUN, Stadtwerke Union Nordhessen, zusammengeschlossen. Alle Stadtwerke haben sich bereits seit Jahren zum Ziel gesetzt, Strom nur noch aus erneuerbaren Energien wie Wind, Sonne, Wasser oder Biogasanlagen anzubieten. Wolfhagen ist dabei f\u00fchrend, da seit 2014 drei Windkraftanlagen auf dem R\u00f6deser Berg in Betrieb sind, und damit die mehr als<b> 7.000 Wolfhager Haushalte <\/b>und zus\u00e4tzlich etwa <b>4.000 Haushalte in der Region<\/b> nunmehr mit ausschlie\u00dflich auf Wolfhager Stadgebiet erzeugtem regenerativen Strom\u00a0 versorgt werden k\u00f6nnen.<\/p>\n<p>Eine von den drei <b>200 m hohen Windkraftanlagen Marke Enercon-101,<\/b> einer 3 MW Anlage im Wald, die 7,5 Mio. kWh \/a erzeugt, wurde auf einer weiteren Etappe der Tour besucht. Ihr Aufbau sowie die Herausforderungen beim Bau in einem Waldgebiet\u00a0 wurde in einem Vortrag im Turm der Enercon von Herr Spangenberg eindrucksvoll erl\u00e4utert, begleitet vom Brummen des gelegentlichen An- und Abfahrens der Rotorbl\u00e4tter.<\/p>\n<div id=\"attachment_275\" class=\"wp-caption aligncenter\" style=\"width: 783px\"><a class=\"fancybox\" rel=\"gallery272\" href=\"http:\/\/gruene-lk-ks.de\/baunatal\/files\/2015\/07\/2015_GR\u00dcNE_E-Mobil-Rallye_07-12-015.jpg\"><img loading=\"lazy\" class=\"wp-image-275 size-large\" src=\"http:\/\/gruene-lk-ks.de\/baunatal\/files\/2015\/07\/2015_GR\u00dcNE_E-Mobil-Rallye_07-12-015-800x533.jpg\" alt=\"Besucher und Technik im Turm einer WKA Enercon-101\" width=\"783\" height=\"522\" srcset=\"http:\/\/gruene-lk-ks.de\/baunatal\/files\/2015\/07\/2015_GR\u00dcNE_E-Mobil-Rallye_07-12-015-800x533.jpg 800w, http:\/\/gruene-lk-ks.de\/baunatal\/files\/2015\/07\/2015_GR\u00dcNE_E-Mobil-Rallye_07-12-015-400x267.jpg 400w, http:\/\/gruene-lk-ks.de\/baunatal\/files\/2015\/07\/2015_GR\u00dcNE_E-Mobil-Rallye_07-12-015-150x100.jpg 150w\" sizes=\"(max-width: 783px) 100vw, 783px\" \/><\/a><p class=\"wp-caption-text\">Besucher und Technik im Turm einer WKA Enercon-101<\/p><\/div>\n<p>Die GR\u00dcNEN Baunatal freuen sich, dass ihre Anregung im letzten Jahr zu dieser Rallye von dem Energiebeauftragten der Stadt Baunatal, Herrn Johannes M\u00f6ller aufgegriffen und umgesetzt wurde, so dass diese \u00f6kologisch ausgerichtete Sternfahrt stattfinden konnte. Der Dank geht auch an alle Anbieter, die ihre Fahrzeuge bereitgestellt haben sowie die TeilnehmerInnen der E-Rallye.<\/p>\n<p>Die GR\u00dcNEN erhoffen sich auch eine schnellstm\u00f6gliche Realisierung des ins Stocken geratenen Baus der geplanten 3 \u2013 5 WKA in den Langenbergen und eine pointiertere Ausrichtung der Energie Region Kassel, an der Baunatal beteiligt ist,\u00a0 in Sachen <b>\u201c100 % Erneuerbare bis 2030\u201c.\u00a0<\/b> Dazu fehlen leider seit geraumer Zeit tiefgreifende Impulse, die dieses Ziel verfolgen.<\/p>\n<p>Mehr dazu unter <b>www.gruene-baunatal.de<\/b>.<\/p>\n","protected":false},"excerpt":{"rendered":"<p>Baunatal, 19. Juli 2015 Pressemitteilung GR\u00dcNE Stadtverordnete besichtigen Wind- und PV-Anlagen der Stadtwerke Wolfhagen Im Rahmen der Rallye f\u00fcr E-Fahrzeuge ins Wolfhager Land besuchten die GR\u00dcNEN Stadtverordneten Ursula Dittmar-Loewe, Lothar&#8230; <\/p>\n","protected":false},"author":6,"featured_media":0,"comment_status":"open","ping_status":"open","sticky":false,"template":"","format":"standard","meta":{"ngg_post_thumbnail":0},"categories":[1],"tags":[],"_links":{"self":[{"href":"http:\/\/gruene-lk-ks.de\/baunatal\/wp-json\/wp\/v2\/posts\/272"}],"collection":[{"href":"http:\/\/gruene-lk-ks.de\/baunatal\/wp-json\/wp\/v2\/posts"}],"about":[{"href":"http:\/\/gruene-lk-ks.de\/baunatal\/wp-json\/wp\/v2\/types\/post"}],"author":[{"embeddable":true,"href":"http:\/\/gruene-lk-ks.de\/baunatal\/wp-json\/wp\/v2\/users\/6"}],"replies":[{"embeddable":true,"href":"http:\/\/gruene-lk-ks.de\/baunatal\/wp-json\/wp\/v2\/comments?post=272"}],"version-history":[{"count":2,"href":"http:\/\/gruene-lk-ks.de\/baunatal\/wp-json\/wp\/v2\/posts\/272\/revisions"}],"predecessor-version":[{"id":276,"href":"http:\/\/gruene-lk-ks.de\/baunatal\/wp-json\/wp\/v2\/posts\/272\/revisions\/276"}],"wp:attachment":[{"href":"http:\/\/gruene-lk-ks.de\/baunatal\/wp-json\/wp\/v2\/media?parent=272"}],"wp:term":[{"taxonomy":"category","embeddable":true,"href":"http:\/\/gruene-lk-ks.de\/baunatal\/wp-json\/wp\/v2\/categories?post=272"},{"taxonomy":"post_tag","embeddable":true,"href":"http:\/\/gruene-lk-ks.de\/baunatal\/wp-json\/wp\/v2\/tags?post=272"}],"curies":[{"name":"wp","href":"https:\/\/api.w.org\/{rel}","templated":true}]}}