{"id":287,"date":"2015-08-02T11:56:22","date_gmt":"2015-08-02T09:56:22","guid":{"rendered":"http:\/\/gruene-lk-ks.de\/baunatal\/?p=287"},"modified":"2015-12-08T15:08:03","modified_gmt":"2015-12-08T13:08:03","slug":"gruene-landtagsabgeordnete-besucht-jva-zweigstelle-in-baunatal","status":"publish","type":"post","link":"http:\/\/gruene-lk-ks.de\/baunatal\/gruene-landtagsabgeordnete-besucht-jva-zweigstelle-in-baunatal\/","title":{"rendered":"GR\u00dcNE Landtagsabgeordnete besucht JVA-Zweigstelle in Baunatal"},"content":{"rendered":"<p style=\"text-align: right\"><b> <\/b>Baunatal, 1.8.15<\/p>\n<p>Pressemitteilung<\/p>\n<p><b>GR\u00dcNE Landtagsabgeordnete besucht JVA-Zweigstelle in Baunatal<\/b><\/p>\n<p>Die <b>GR\u00dcNE Landtagsabgeordnete\u00a0 Karin M\u00fcller<\/b> (Kassel) besuchte in Begleitung der beiden <b>Baunataler Stadtverordneten Edmund Borschel und Lothar Rost <\/b>zu Beginn ihrer Sommertour durch den Landkreis Kassel den offenen Vollzug der JVA\u00a0 in Baunatal.<\/p>\n<p>J\u00f6rg-Uwe Meister, Leitender Regierungsdirektor und Leiter der Justizvollzugsanstalt Kassel I, Zweiganstalt Kaufungen sowie der Zweiganstalt Baunatal stand den G\u00e4sten gemeinsam mit 5 kompetenten MitarbeiterInnen als Gespr\u00e4chspartner zur Verf\u00fcgung, unter Ihnen der Leiter der JVA in Baunatal Herr Fink.<\/p>\n<div id=\"attachment_290\" class=\"wp-caption aligncenter\" style=\"width: 783px\"><a class=\"fancybox\" rel=\"gallery287\" href=\"http:\/\/gruene-lk-ks.de\/baunatal\/files\/2015\/08\/2015_GR\u00dcNE_Sommertour_Karin_JVA-007.jpg\"><img loading=\"lazy\" class=\"size-large wp-image-290\" src=\"http:\/\/gruene-lk-ks.de\/baunatal\/files\/2015\/08\/2015_GR\u00dcNE_Sommertour_Karin_JVA-007-800x533.jpg\" alt=\"JVA Leiter J\u00f6rg-Uwe Meister im lockeren Gespr\u00e4ch mit seinen G\u00e4sten\" width=\"783\" height=\"522\" srcset=\"http:\/\/gruene-lk-ks.de\/baunatal\/files\/2015\/08\/2015_GR\u00dcNE_Sommertour_Karin_JVA-007-800x533.jpg 800w, http:\/\/gruene-lk-ks.de\/baunatal\/files\/2015\/08\/2015_GR\u00dcNE_Sommertour_Karin_JVA-007-400x267.jpg 400w, http:\/\/gruene-lk-ks.de\/baunatal\/files\/2015\/08\/2015_GR\u00dcNE_Sommertour_Karin_JVA-007-150x100.jpg 150w\" sizes=\"(max-width: 783px) 100vw, 783px\" \/><\/a><p class=\"wp-caption-text\">JVA Leiter J\u00f6rg-Uwe Meister im lockeren Gespr\u00e4ch mit seinen G\u00e4sten<\/p><\/div>\n<p>Diese Einrichtung des offenen Vollzugs besteht seit 1987 in Baunatal und bietet ca. 100 Haftpl\u00e4tze, die f\u00fcr weibliche und m\u00e4nnliche Gefangene zur Verf\u00fcgung stehen.<\/p>\n<p>Die Unterbringung erfolgt getrennt nach Geschlechtern\u00a0 in Doppelzimmern und vier Einzelzimmern. In der Freig\u00e4ngereinrichtung sind Haftpl\u00e4tze im Direkteinweisungsverfahren mit Haftstrafen bis zu zwei Jahren und zur Vorbereitung zur Wiedereingliederung vorhanden.<\/p>\n<p>F\u00fcr alle Strafgefangenen im offenen Vollzug erfolgt eine Eignungsfeststellung mit Festlegung der unterschiedlichen Ausgangs- und Arbeitszeiten sowie Kontrollen.<\/p>\n<p>Die \u00dcberwachung und Betreuung erfolgt durch ca. 25 Angestellte mit verschiedenen Aufgabenbereichen.<\/p>\n<p>In der Einrichtung ist auch eine \u00dcbungswerkstatt &#8211; Holz f\u00fcr 10 Arbeitspl\u00e4tze vorhanden.<\/p>\n<div id=\"attachment_289\" class=\"wp-caption aligncenter\" style=\"width: 783px\"><a class=\"fancybox\" rel=\"gallery287\" href=\"http:\/\/gruene-lk-ks.de\/baunatal\/files\/2015\/08\/2015_GR\u00dcNE_Sommertour_Karin_JVA-005.jpg\"><img loading=\"lazy\" class=\"size-large wp-image-289\" src=\"http:\/\/gruene-lk-ks.de\/baunatal\/files\/2015\/08\/2015_GR\u00dcNE_Sommertour_Karin_JVA-005-800x533.jpg\" alt=\"Die Holzwerkstatt biet einiges zum Staunen\" width=\"783\" height=\"522\" srcset=\"http:\/\/gruene-lk-ks.de\/baunatal\/files\/2015\/08\/2015_GR\u00dcNE_Sommertour_Karin_JVA-005-800x533.jpg 800w, http:\/\/gruene-lk-ks.de\/baunatal\/files\/2015\/08\/2015_GR\u00dcNE_Sommertour_Karin_JVA-005-400x267.jpg 400w, http:\/\/gruene-lk-ks.de\/baunatal\/files\/2015\/08\/2015_GR\u00dcNE_Sommertour_Karin_JVA-005-150x100.jpg 150w\" sizes=\"(max-width: 783px) 100vw, 783px\" \/><\/a><p class=\"wp-caption-text\">Die Holzwerkstatt biet einiges zum Staunen<\/p><\/div>\n<p>Auf dem j\u00e4hrlichen Nikolausmarkt in Baunatal werden die dort gefertigten Produkte zum Kauf angeboten und erfreuen sich gro\u00dfer Beliebtheit. Auch die gute Kooperation mit den benachbarten Baunataler Werkst\u00e4tten der Diakonie wurde von Herrn Meister ebenso lobend hervorgehoben wie die konfliktfreie soziale Einbindung der Insassen in das Stadtleben.<\/p>\n<p>Begleitet wurde MdL Karin M\u00fcller von Volkmar Gerstein, von Februar 1991 bis M\u00e4rz 2000\u00a0 stellvertretender ADFC-Landesvorsitzender und von M\u00e4rz 2000 bis September 2013\u00a0 Landesvorsitzender in Hessen sowie ihrer Mitarbeiterin Christine Hesse und der\u00a0 Sprecherin der GJK (Gr\u00fcne Jugend Kassel), Elena Sch\u00f6rling.<\/p>\n<p>Die GR\u00dcNEN Baunatal freuen sich, dass sie wie jedes Jahr die erste Station bei Karin M\u00fcllers Landkreistour gewesen sind, da leider seit Jahrzehnten kein Landtagsmandat in den beiden Wahlkreisen von Kassel Land den GR\u00dcNEN zugesprochen wurde. Wir arbeiten daran, dass es sich zuk\u00fcnftig \u00e4ndert, mit Unterst\u00fctzung unserer W\u00e4hlerInnen und SympathisantInnen.<\/p>\n","protected":false},"excerpt":{"rendered":"<p>Baunatal, 1.8.15 Pressemitteilung GR\u00dcNE Landtagsabgeordnete besucht JVA-Zweigstelle in Baunatal Die GR\u00dcNE Landtagsabgeordnete\u00a0 Karin M\u00fcller (Kassel) besuchte in Begleitung der beiden Baunataler Stadtverordneten Edmund Borschel und Lothar Rost zu Beginn ihrer&#8230; <\/p>\n","protected":false},"author":6,"featured_media":0,"comment_status":"open","ping_status":"open","sticky":false,"template":"","format":"standard","meta":{"ngg_post_thumbnail":0},"categories":[1],"tags":[],"_links":{"self":[{"href":"http:\/\/gruene-lk-ks.de\/baunatal\/wp-json\/wp\/v2\/posts\/287"}],"collection":[{"href":"http:\/\/gruene-lk-ks.de\/baunatal\/wp-json\/wp\/v2\/posts"}],"about":[{"href":"http:\/\/gruene-lk-ks.de\/baunatal\/wp-json\/wp\/v2\/types\/post"}],"author":[{"embeddable":true,"href":"http:\/\/gruene-lk-ks.de\/baunatal\/wp-json\/wp\/v2\/users\/6"}],"replies":[{"embeddable":true,"href":"http:\/\/gruene-lk-ks.de\/baunatal\/wp-json\/wp\/v2\/comments?post=287"}],"version-history":[{"count":4,"href":"http:\/\/gruene-lk-ks.de\/baunatal\/wp-json\/wp\/v2\/posts\/287\/revisions"}],"predecessor-version":[{"id":381,"href":"http:\/\/gruene-lk-ks.de\/baunatal\/wp-json\/wp\/v2\/posts\/287\/revisions\/381"}],"wp:attachment":[{"href":"http:\/\/gruene-lk-ks.de\/baunatal\/wp-json\/wp\/v2\/media?parent=287"}],"wp:term":[{"taxonomy":"category","embeddable":true,"href":"http:\/\/gruene-lk-ks.de\/baunatal\/wp-json\/wp\/v2\/categories?post=287"},{"taxonomy":"post_tag","embeddable":true,"href":"http:\/\/gruene-lk-ks.de\/baunatal\/wp-json\/wp\/v2\/tags?post=287"}],"curies":[{"name":"wp","href":"https:\/\/api.w.org\/{rel}","templated":true}]}}