{"id":2987,"date":"2021-08-30T18:42:31","date_gmt":"2021-08-30T16:42:31","guid":{"rendered":"http:\/\/gruene-lk-ks.de\/baunatal\/?p=2987"},"modified":"2021-08-30T18:42:31","modified_gmt":"2021-08-30T16:42:31","slug":"aktuelles-schwerpunktthema-fischsterben-in-der-bauna","status":"publish","type":"post","link":"http:\/\/gruene-lk-ks.de\/baunatal\/aktuelles-schwerpunktthema-fischsterben-in-der-bauna\/","title":{"rendered":"Aktuelles Schwerpunktthema: Fischsterben in der Bauna"},"content":{"rendered":"\n<p>Mit Entsetzen nahm die Fraktion von B\u00fcndnis 90\/DIE GR\u00dcNEN das massive Fischsterben zur Kenntnis, das zwischen dem 25. und 26. August fast die komplette Fischpopulation in der Bauna zwischen Kirchbauna und der Baunam\u00fcndung in die Fulda ausl\u00f6schte. Einige lokale&nbsp;&nbsp;GR\u00dcNE Fraktionsmitglieder waren vor Ort und erhielten somit einen unmittelbaren Eindruck vom Ausma\u00df des Umweltskandals.<\/p>\n\n\n\n<p>Allein im Guntersh\u00e4user Bereich zwischen der Wasserm\u00fchle und der Baunam\u00fcndung in die Fulda wurden von der Freiwilligen Feuerwehr 195 Bachforellen bis zu 52 cm Gr\u00f6\u00dfe, 20 \u00c4schen, 150 D\u00f6bel und Haseln und Hunderte von M\u00fchlkoppen eingesammelt. Verendete Fische wurden im Baunalauf bis hin nach Kirchbauna festgestellt und wurden von den Ordnungskr\u00e4ften beseitigt.&nbsp;&nbsp;<\/p>\n\n\n\n<p>\u201eDas ist eine gravierende Umwelt-Katastrophe, deren Ursache mit Nachdruck von den entsprechenden Beh\u00f6rden aufgekl\u00e4rt werden muss\u201c, so der Fraktionsvorsitzende Edmund Borschel. Wir erwarten, dass die Stadtverwaltung, das Veterin\u00e4ramt, die Untere Wasserbeh\u00f6rde, der Verband f\u00fcr Abwasserbeseitigung und Hochwasserschutz und die Kripo an einem Strang ziehen, um die Ursache zu finden und m\u00f6glichst eine Wiederholung zu verhindern. Schlie\u00dflich ist es nicht dass erste Mal, dass auf Baunataler Gebiet ein Fischsterben in der Bauna registriert wurde. Besonders gekl\u00e4rt werden muss:<\/p>\n\n\n\n<p>1. Lag eine Gew\u00e4sserverunreinigung vor und wenn ja mit welchen Stoffen?<\/p>\n\n\n\n<p>2. Wer kommt als Verursacher in Betracht?<\/p>\n\n\n\n<p>3. Weshalb verendeten die Fische?<\/p>\n\n\n\n<p>Die Guntersh\u00e4user Stadtverordnete Damaris M\u00fcller der GR\u00dcNEN wird in der Fragestunde der n\u00e4chsten Stadtverordnetenversammlung Fragen zum Fischsterben, seinen Ursachen und den bisherigen Untersuchungsergebnissen stellen.<\/p>\n","protected":false},"excerpt":{"rendered":"<p>Mit Entsetzen nahm die Fraktion von B\u00fcndnis 90\/DIE GR\u00dcNEN das massive Fischsterben zur Kenntnis, das zwischen dem 25. und 26. August fast die komplette Fischpopulation in der Bauna zwischen Kirchbauna&#8230; <\/p>\n","protected":false},"author":6,"featured_media":2988,"comment_status":"closed","ping_status":"open","sticky":false,"template":"","format":"standard","meta":{"ngg_post_thumbnail":0},"categories":[1],"tags":[],"_links":{"self":[{"href":"http:\/\/gruene-lk-ks.de\/baunatal\/wp-json\/wp\/v2\/posts\/2987"}],"collection":[{"href":"http:\/\/gruene-lk-ks.de\/baunatal\/wp-json\/wp\/v2\/posts"}],"about":[{"href":"http:\/\/gruene-lk-ks.de\/baunatal\/wp-json\/wp\/v2\/types\/post"}],"author":[{"embeddable":true,"href":"http:\/\/gruene-lk-ks.de\/baunatal\/wp-json\/wp\/v2\/users\/6"}],"replies":[{"embeddable":true,"href":"http:\/\/gruene-lk-ks.de\/baunatal\/wp-json\/wp\/v2\/comments?post=2987"}],"version-history":[{"count":1,"href":"http:\/\/gruene-lk-ks.de\/baunatal\/wp-json\/wp\/v2\/posts\/2987\/revisions"}],"predecessor-version":[{"id":2989,"href":"http:\/\/gruene-lk-ks.de\/baunatal\/wp-json\/wp\/v2\/posts\/2987\/revisions\/2989"}],"wp:featuredmedia":[{"embeddable":true,"href":"http:\/\/gruene-lk-ks.de\/baunatal\/wp-json\/wp\/v2\/media\/2988"}],"wp:attachment":[{"href":"http:\/\/gruene-lk-ks.de\/baunatal\/wp-json\/wp\/v2\/media?parent=2987"}],"wp:term":[{"taxonomy":"category","embeddable":true,"href":"http:\/\/gruene-lk-ks.de\/baunatal\/wp-json\/wp\/v2\/categories?post=2987"},{"taxonomy":"post_tag","embeddable":true,"href":"http:\/\/gruene-lk-ks.de\/baunatal\/wp-json\/wp\/v2\/tags?post=2987"}],"curies":[{"name":"wp","href":"https:\/\/api.w.org\/{rel}","templated":true}]}}