{"id":2999,"date":"2021-09-29T13:25:20","date_gmt":"2021-09-29T11:25:20","guid":{"rendered":"http:\/\/gruene-lk-ks.de\/baunatal\/?p=2999"},"modified":"2021-09-29T13:23:48","modified_gmt":"2021-09-29T11:23:48","slug":"rueckblick-auf-die-bundestagswahl","status":"publish","type":"post","link":"http:\/\/gruene-lk-ks.de\/baunatal\/rueckblick-auf-die-bundestagswahl\/","title":{"rendered":"R\u00fcckblick auf die Bundestagswahl"},"content":{"rendered":"\n<p>Obwohl wir GR\u00dcNE einen Zuwachs von 3,5 % gegen\u00fcber der letzten BTW und 1.800 Baunataler*innen uns ihre Stimme gegeben haben, reichte es leider nur f\u00fcr 11,3 %. Wir h\u00e4tten uns nach einem engagierten Wahlkampf vor Ort und dem hervorragenden Kommunalwahlergebnis nat\u00fcrlich mehr erhofft. Dennoch m\u00f6chten wir allen Baunataler W\u00e4hler*innen danken, f\u00fcr das ausgesprochene Vertrauen. Eine detailliertere Analyse, besonders zu den Ortsteilen, finden Sie auf unserer Homepage. Bundesweit sind wir noch einmal mit einem &#8220;Blauen Auge&#8221; davon gekommen, mit 14,3 %, nach weit besseren Prognosen.&nbsp;&nbsp;Besonders erfreulich sind die erstmalig gewonnenen 3 nordhessischen GR\u00dcNEN Bundestagsmandate mit Dr. Bettina Hoffmann (Niedenstein), Boris Mijatovic und Awet Tesfaiesus aus Kassel. Kreisweit gesehen liegen wir mit unserem Baunataler GR\u00dcNEN Wahlergebnis leider nur noch im Mittelfeld. Daran gilt es zu arbeiten.<\/p>\n\n\n\n<p>In Erinnerung bleibt der Wahlkampfh\u00f6hepunkt der GR\u00dcNEN in Nordhessen mit dem Auftritt von\u00a0<strong>Robert Habeck<\/strong>\u00a0auf dem mit Zuschauer*innen voll bepackten K\u00f6nigsplatz in Kassel. Unter den mehr als 600 Besucher*innen der Wahlkampfveranstaltung waren auch ein halbes Dutzend der Baunataler GR\u00dcNEN und Mandatstr\u00e4ger, die Auftritt und Rede von Robert \u201clive\u201c erleben wollten. Nicht nur die Vorsitzende der Kreistagsfraktion\u00a0<strong>Monika Woizeschke-Br\u00fcck<\/strong>, der OV Vorsitzende\u00a0<strong>Lothar Rost,<\/strong>\u00a0die Stadtverordneten\u00a0<strong>Martina Klein<\/strong>\u00a0und\u00a0<strong>Florian Pfeiffer<\/strong>\u00a0\u00a0sowie der Fraktionsvorsitzende\u00a0<strong>Edmund Borschel<\/strong>\u00a0waren begeistert von der fast einst\u00fcndigen Rede des GR\u00dcNEN Spitzenkandidaten im Tandem mit Annalena Baerbock.\u00a0\u00a0Trotz Sicherheitsvorkehrungen und -beschr\u00e4nkungen wegen Corona war die Stimmung bei herrlichem Wetter hervorragend. Da konnten auch gelegentliche Trillerpfeifen, Zwischenrufe und Plakate von Gegendemonstranten und Querdenkern nicht extrem st\u00f6ren. Robert b\u00fcgelte es locker weg in seiner typisch norddeutschen Art und Gelassenheit, gelegentlich begleitet mit einem L\u00e4cheln oder gar einem Dank an die St\u00f6rer, dass sie insgesamt doch recht friedlich blieben.<\/p>\n\n\n\n<figure class=\"wp-block-image size-large\"><a class=\"fancybox\" rel=\"gallery2999\" href=\"http:\/\/gruene-lk-ks.de\/baunatal\/files\/2021\/09\/69FA1968-691D-4D59-BDC9-B418EEBEC47D-scaled.jpeg\"><img loading=\"lazy\" width=\"800\" height=\"533\" src=\"http:\/\/gruene-lk-ks.de\/baunatal\/files\/2021\/09\/69FA1968-691D-4D59-BDC9-B418EEBEC47D-800x533.jpeg\" alt=\"\" class=\"wp-image-3001\" srcset=\"http:\/\/gruene-lk-ks.de\/baunatal\/files\/2021\/09\/69FA1968-691D-4D59-BDC9-B418EEBEC47D-800x533.jpeg 800w, http:\/\/gruene-lk-ks.de\/baunatal\/files\/2021\/09\/69FA1968-691D-4D59-BDC9-B418EEBEC47D-400x267.jpeg 400w, http:\/\/gruene-lk-ks.de\/baunatal\/files\/2021\/09\/69FA1968-691D-4D59-BDC9-B418EEBEC47D-768x512.jpeg 768w, http:\/\/gruene-lk-ks.de\/baunatal\/files\/2021\/09\/69FA1968-691D-4D59-BDC9-B418EEBEC47D-1536x1024.jpeg 1536w, http:\/\/gruene-lk-ks.de\/baunatal\/files\/2021\/09\/69FA1968-691D-4D59-BDC9-B418EEBEC47D-2048x1365.jpeg 2048w, http:\/\/gruene-lk-ks.de\/baunatal\/files\/2021\/09\/69FA1968-691D-4D59-BDC9-B418EEBEC47D-150x100.jpeg 150w\" sizes=\"(max-width: 800px) 100vw, 800px\" \/><\/a><figcaption>GR\u00dcNE Baunatal,\u00a0\u00a0(v.l.)\u00a0\u00a0Lothar, Martina, Monika, Florian vor der B\u00fchne auf dem K\u00f6nigsplatz<\/figcaption><\/figure>\n\n\n\n<p>In seiner Rede streifte er das gesamte Spektrum an Themen, die den gesellschaftlichen Wandel in unserer Zeit beschreiben. Robert kritisierte dabei besonders die&nbsp;&nbsp;\u00fcberwiegende&nbsp;<strong>\u201cInhaltslosigkeit der politischen Debatten\u201c<\/strong>&nbsp;in den Fernsehduellen der 3 Spitzenkandidat*innen, wenn sich auf die bekannten Nebens\u00e4chlichkeiten bezogen wird, in Anbetracht der gravierenden Krisen, dem&nbsp;<strong>Vertrauensverlust<\/strong>&nbsp;bei Afghanistan und&nbsp;<strong>Umweltkatastrophen<\/strong>, wie bei j\u00fcngsten \u00dcberschwemmungen in Deutschland. \u201cDie Vielzahl der Katastrophen l\u00e4sst uns keine Wahl und keine Zeit, um zu handeln!\u201c&nbsp;<strong>Bewusste Verantwortungslosigkeit\u201c<\/strong>&nbsp;mit Verweis auf das BVG-Urteil zum Klimaschutz wird dabei erkennbar. Hier musste erst das Oberste Gericht einschreiten, und Gesetze zum besseren Schutz k\u00fcnftiger Generationen anmahnen.&nbsp;&nbsp;<\/p>\n\n\n\n<p>Ein Streiten und Ringen um die besten Antworten und L\u00f6sungen u.a. beim Klimaschutz, in Sozialfragen, bei der Gesundheits-, Wohnungs-, Energie- und Sicherheitspolitik, stehen jetzt nach der Wahl an. Jetzt wird von der neuen Regierung verlangt, Verantwortung zu \u00fcbernehmen. Dies werden wir GR\u00dcNE in einer k\u00fcnftigen Koalition tun, nachdem die W\u00e4hler*innen uns den Auftrag gegeben haben.&nbsp;<\/p>\n\n\n\n<p><\/p>\n","protected":false},"excerpt":{"rendered":"<p>Obwohl wir GR\u00dcNE einen Zuwachs von 3,5 % gegen\u00fcber der letzten BTW und 1.800 Baunataler*innen uns ihre Stimme gegeben haben, reichte es leider nur f\u00fcr 11,3 %. Wir h\u00e4tten uns&#8230; <\/p>\n","protected":false},"author":6,"featured_media":3000,"comment_status":"closed","ping_status":"open","sticky":false,"template":"","format":"standard","meta":{"ngg_post_thumbnail":0},"categories":[1],"tags":[],"_links":{"self":[{"href":"http:\/\/gruene-lk-ks.de\/baunatal\/wp-json\/wp\/v2\/posts\/2999"}],"collection":[{"href":"http:\/\/gruene-lk-ks.de\/baunatal\/wp-json\/wp\/v2\/posts"}],"about":[{"href":"http:\/\/gruene-lk-ks.de\/baunatal\/wp-json\/wp\/v2\/types\/post"}],"author":[{"embeddable":true,"href":"http:\/\/gruene-lk-ks.de\/baunatal\/wp-json\/wp\/v2\/users\/6"}],"replies":[{"embeddable":true,"href":"http:\/\/gruene-lk-ks.de\/baunatal\/wp-json\/wp\/v2\/comments?post=2999"}],"version-history":[{"count":1,"href":"http:\/\/gruene-lk-ks.de\/baunatal\/wp-json\/wp\/v2\/posts\/2999\/revisions"}],"predecessor-version":[{"id":3002,"href":"http:\/\/gruene-lk-ks.de\/baunatal\/wp-json\/wp\/v2\/posts\/2999\/revisions\/3002"}],"wp:featuredmedia":[{"embeddable":true,"href":"http:\/\/gruene-lk-ks.de\/baunatal\/wp-json\/wp\/v2\/media\/3000"}],"wp:attachment":[{"href":"http:\/\/gruene-lk-ks.de\/baunatal\/wp-json\/wp\/v2\/media?parent=2999"}],"wp:term":[{"taxonomy":"category","embeddable":true,"href":"http:\/\/gruene-lk-ks.de\/baunatal\/wp-json\/wp\/v2\/categories?post=2999"},{"taxonomy":"post_tag","embeddable":true,"href":"http:\/\/gruene-lk-ks.de\/baunatal\/wp-json\/wp\/v2\/tags?post=2999"}],"curies":[{"name":"wp","href":"https:\/\/api.w.org\/{rel}","templated":true}]}}