{"id":3023,"date":"2021-11-02T13:54:44","date_gmt":"2021-11-02T11:54:44","guid":{"rendered":"http:\/\/gruene-lk-ks.de\/baunatal\/?p=3023"},"modified":"2021-11-02T13:54:44","modified_gmt":"2021-11-02T11:54:44","slug":"ausgelassene-stimmung-und-tolle-resonanz-auf-gruenem-kuerbisfest","status":"publish","type":"post","link":"http:\/\/gruene-lk-ks.de\/baunatal\/ausgelassene-stimmung-und-tolle-resonanz-auf-gruenem-kuerbisfest\/","title":{"rendered":"Ausgelassene Stimmung und tolle Resonanz auf GR\u00dcNEM K\u00fcrbisfest"},"content":{"rendered":"\n<p>Am Vorabend von Halloween luden die GR\u00dcNEN Baunatal\u00a0 zu ihrem traditionellen K\u00fcrbisfest in die Guntersh\u00e4user Wasserm\u00fchle ein, idyllisch gelegen an der Bauna. Die Gastgeberin <strong>Juliane Kothe<\/strong>, GR\u00dcNE Baunataler Stadtr\u00e4tin, freute sich \u00fcber mehr als 100 G\u00e4ste aller Generationen, die gekommen waren: Familien oder Alleinerziehende mit ihren Kindern aber auch \u00e4ltere Semester mit ihren Enkeln. Begr\u00fc\u00dft und vertraut gemacht mit dem Ambiente und dem Nachmittagsprogramm wurden alle Besucher*innen von unseremFraktionsvorsitzenden<strong> Ede Borschel, Monika Woizeschke-Br\u00fcck <\/strong>(Vorsitzender der GR\u00dcNEN Kreistagsfraktion)<strong> und Juri St\u00f6lzner <\/strong>(Kreisvorstandsmitglied).<\/p>\n\n\n\n<p>Das Fest fand im Freien statt unter Beachtung der Corona Vorgaben nach der 3 G-Regelung. Auch wenn das Wetter nicht ganz mitspielte, gelegentlich \u201efieselte\u201c es etwas, tat dies der guten Stimmung keinen Abbruch. Im Mittelpunkt stand nat\u00fcrlich das K\u00fcrbisschnitzen, welches gesch\u00fctzt in der Tordurchfahrt des M\u00fchlengeb\u00e4udes gro\u00df und klein Freude bereitete. Mehr als 50 K\u00fcrbisse in allen Gr\u00f6\u00dfen wurden bereitgestellt und am Abend ausgestellt. Die 5 kreativsten und gruseligsten Gesichter wurden noch mit kleinen Preisen dekoriert.<\/p>\n\n\n\n<figure class=\"wp-block-image size-large\"><a class=\"fancybox\" rel=\"gallery3023\" href=\"http:\/\/gruene-lk-ks.de\/baunatal\/files\/2021\/11\/Kuerbisfest_6991-scaled.jpg\"><img loading=\"lazy\" width=\"800\" height=\"533\" src=\"http:\/\/gruene-lk-ks.de\/baunatal\/files\/2021\/11\/Kuerbisfest_6991-800x533.jpg\" alt=\"Andrang beim K\u00fcrbis-Schnitz-Workshop\" class=\"wp-image-3025\" srcset=\"http:\/\/gruene-lk-ks.de\/baunatal\/files\/2021\/11\/Kuerbisfest_6991-800x533.jpg 800w, http:\/\/gruene-lk-ks.de\/baunatal\/files\/2021\/11\/Kuerbisfest_6991-400x267.jpg 400w, http:\/\/gruene-lk-ks.de\/baunatal\/files\/2021\/11\/Kuerbisfest_6991-768x512.jpg 768w, http:\/\/gruene-lk-ks.de\/baunatal\/files\/2021\/11\/Kuerbisfest_6991-1536x1024.jpg 1536w, http:\/\/gruene-lk-ks.de\/baunatal\/files\/2021\/11\/Kuerbisfest_6991-2048x1365.jpg 2048w, http:\/\/gruene-lk-ks.de\/baunatal\/files\/2021\/11\/Kuerbisfest_6991-150x100.jpg 150w\" sizes=\"(max-width: 800px) 100vw, 800px\" \/><\/a><figcaption>Andrang beim K\u00fcrbis-Schnitz-Workshop<\/figcaption><\/figure>\n\n\n\n<p>Bei warmen und kalten Getr\u00e4nken, einem reichhaltigen B\u00fcffet u.a. mit K\u00fcrbissuppe und Knoblauchbr\u00f6tchen von <strong>Familie B\u00f6hme<\/strong>, internationalen Gerichten von <strong>Kamela<\/strong> und <strong>Dzemila<\/strong>, einer reichhaltigen Kuchenauswahl und Waffeln u.a. von <strong>Martina, Edith, Juliane und Katrin<\/strong>, und, und und &#8230; konnten sich alle Besucher*innen auch st\u00e4rken und Leckereien genie\u00dfen. Nat\u00fcrlich durften die obligatorischen Bratw\u00fcrstchen nicht fehlen, selbstverst\u00e4ndlich in Bio-Qualit\u00e4t und diesmal in 4 Geschmacksrichtungen, mit Freude&nbsp; und frisch gegrillt von <strong>Ede<\/strong>. Am Grill ergaben sich dabei gelegentlich auch nette Gespr\u00e4che mit den wartenden G\u00e4sten, wenn der Nachschub nicht schnell genug aufgelegt wurde. Am sp\u00e4ten Nachmittag konnten sich die Besucher*innen auch in Einzelgespr\u00e4chen austauschen mit unserem B\u00fcrgermeisterkandidaten <strong>Henry Richter<\/strong>, der am 7. November zur Wahl steht, um neuer B\u00fcrgermeister unserer lebenswerten Stadt Baunatal zu werden.<\/p>\n\n\n\n<p>Bitte machen Sie von Ihrem demokratischen Wahlrecht Gebrauch. Informieren Sie sich nicht nur \u00fcber die jeweiligen Flyer bzw. Wahlaussagen, sondern beurteilen Sie vor allem, wem Sie zutrauen, aufgrund seiner Erfahrung und seinem beruflichen Hintergrund sowie seiner Pers\u00f6nlichkeit die Geschicke unserer Stadt in diesen schwierigen Zeiten zu leiten und die Verwaltung fachlich fundiert zu f\u00fchren.<\/p>\n\n\n\n<p>Am Ende des Tages waren sich alle einig: eine gelungene Veranstaltung, auch und gerade in Zeiten der Pandemie, die auf jeden Fall im n\u00e4chsten Jahr wiederholt werden sollte.<\/p>\n","protected":false},"excerpt":{"rendered":"<p>Am Vorabend von Halloween luden die GR\u00dcNEN Baunatal\u00a0 zu ihrem traditionellen K\u00fcrbisfest in die Guntersh\u00e4user Wasserm\u00fchle ein, idyllisch gelegen an der Bauna. Die Gastgeberin Juliane Kothe, GR\u00dcNE Baunataler Stadtr\u00e4tin, freute&#8230; <\/p>\n","protected":false},"author":20,"featured_media":3024,"comment_status":"closed","ping_status":"open","sticky":false,"template":"","format":"standard","meta":{"ngg_post_thumbnail":0},"categories":[1],"tags":[],"_links":{"self":[{"href":"http:\/\/gruene-lk-ks.de\/baunatal\/wp-json\/wp\/v2\/posts\/3023"}],"collection":[{"href":"http:\/\/gruene-lk-ks.de\/baunatal\/wp-json\/wp\/v2\/posts"}],"about":[{"href":"http:\/\/gruene-lk-ks.de\/baunatal\/wp-json\/wp\/v2\/types\/post"}],"author":[{"embeddable":true,"href":"http:\/\/gruene-lk-ks.de\/baunatal\/wp-json\/wp\/v2\/users\/20"}],"replies":[{"embeddable":true,"href":"http:\/\/gruene-lk-ks.de\/baunatal\/wp-json\/wp\/v2\/comments?post=3023"}],"version-history":[{"count":1,"href":"http:\/\/gruene-lk-ks.de\/baunatal\/wp-json\/wp\/v2\/posts\/3023\/revisions"}],"predecessor-version":[{"id":3026,"href":"http:\/\/gruene-lk-ks.de\/baunatal\/wp-json\/wp\/v2\/posts\/3023\/revisions\/3026"}],"wp:featuredmedia":[{"embeddable":true,"href":"http:\/\/gruene-lk-ks.de\/baunatal\/wp-json\/wp\/v2\/media\/3024"}],"wp:attachment":[{"href":"http:\/\/gruene-lk-ks.de\/baunatal\/wp-json\/wp\/v2\/media?parent=3023"}],"wp:term":[{"taxonomy":"category","embeddable":true,"href":"http:\/\/gruene-lk-ks.de\/baunatal\/wp-json\/wp\/v2\/categories?post=3023"},{"taxonomy":"post_tag","embeddable":true,"href":"http:\/\/gruene-lk-ks.de\/baunatal\/wp-json\/wp\/v2\/tags?post=3023"}],"curies":[{"name":"wp","href":"https:\/\/api.w.org\/{rel}","templated":true}]}}