{"id":3028,"date":"2021-11-05T14:53:56","date_gmt":"2021-11-05T12:53:56","guid":{"rendered":"http:\/\/gruene-lk-ks.de\/baunatal\/?p=3028"},"modified":"2021-11-05T14:53:56","modified_gmt":"2021-11-05T12:53:56","slug":"wahlaufruf-zur-buergermeisterwahl-am-7-november-2021","status":"publish","type":"post","link":"http:\/\/gruene-lk-ks.de\/baunatal\/wahlaufruf-zur-buergermeisterwahl-am-7-november-2021\/","title":{"rendered":"Wahlaufruf zur B\u00fcrgermeisterwahl am 7. November 2021"},"content":{"rendered":"\n<p>Liebe Mitb\u00fcrgerinnen und Mitb\u00fcrger,<\/p>\n\n\n\n<p>am kommenden Sonntag findet die B\u00fcrgermeisterwahl statt.<\/p>\n\n\n\n<p>Die Direktwahl der B\u00fcrgermeisterin\/des B\u00fcrgermeisters der Stadt Baunatal hat Auswirkungen auf die zuk\u00fcnftige Entwicklung unserer Stadt und kann von allen W\u00e4hlern*innen mit Ihrer Wahl beeinflusst werden.<\/p>\n\n\n\n<p>W\u00e4hlen hei\u00dft mitbestimmen. Durch ihre Wahl haben W\u00e4hler*innen die Chance, die Zukunft unserer Stadt Baunatal zu beeinflussen. &nbsp;<\/p>\n\n\n\n<p>Deshalb die herzliche Bitte:<\/p>\n\n\n\n<p><strong>Gehen Sie zur Wahl!<\/strong><\/p>\n\n\n\n<p><strong>Zeigen Sie damit Ihr politisches Interesse in schwierigen Zeiten f\u00fcr unsere Stadt!<\/strong><\/p>\n\n\n\n<p>Wir <strong>Baunataler GR\u00dcNE<\/strong> setzen uns <strong>f\u00fcr den parteilosen B\u00fcrgermeisterkandidaten Henry Richter <\/strong>ein, der unter seinem <strong>Wahlspruch &#8220;EINER F\u00dcR ALLE&#8221;<\/strong> nicht nur f\u00fcr eine Partei antritt. <\/p>\n\n\n\n<p>Alle Infos zu Henry Richter, sei Wahlprogramm und Berichte finden Sie unter <a rel=\"noreferrer noopener\" href=\"http:\/\/www.henryrichter.de\" target=\"_blank\">www.henryrichter.de<\/a>. <\/p>\n","protected":false},"excerpt":{"rendered":"<p>Liebe Mitb\u00fcrgerinnen und Mitb\u00fcrger, am kommenden Sonntag findet die B\u00fcrgermeisterwahl statt. Die Direktwahl der B\u00fcrgermeisterin\/des B\u00fcrgermeisters der Stadt Baunatal hat Auswirkungen auf die zuk\u00fcnftige Entwicklung unserer Stadt und kann von&#8230; <\/p>\n","protected":false},"author":20,"featured_media":3029,"comment_status":"closed","ping_status":"open","sticky":false,"template":"","format":"standard","meta":{"ngg_post_thumbnail":0},"categories":[1],"tags":[],"_links":{"self":[{"href":"http:\/\/gruene-lk-ks.de\/baunatal\/wp-json\/wp\/v2\/posts\/3028"}],"collection":[{"href":"http:\/\/gruene-lk-ks.de\/baunatal\/wp-json\/wp\/v2\/posts"}],"about":[{"href":"http:\/\/gruene-lk-ks.de\/baunatal\/wp-json\/wp\/v2\/types\/post"}],"author":[{"embeddable":true,"href":"http:\/\/gruene-lk-ks.de\/baunatal\/wp-json\/wp\/v2\/users\/20"}],"replies":[{"embeddable":true,"href":"http:\/\/gruene-lk-ks.de\/baunatal\/wp-json\/wp\/v2\/comments?post=3028"}],"version-history":[{"count":1,"href":"http:\/\/gruene-lk-ks.de\/baunatal\/wp-json\/wp\/v2\/posts\/3028\/revisions"}],"predecessor-version":[{"id":3030,"href":"http:\/\/gruene-lk-ks.de\/baunatal\/wp-json\/wp\/v2\/posts\/3028\/revisions\/3030"}],"wp:featuredmedia":[{"embeddable":true,"href":"http:\/\/gruene-lk-ks.de\/baunatal\/wp-json\/wp\/v2\/media\/3029"}],"wp:attachment":[{"href":"http:\/\/gruene-lk-ks.de\/baunatal\/wp-json\/wp\/v2\/media?parent=3028"}],"wp:term":[{"taxonomy":"category","embeddable":true,"href":"http:\/\/gruene-lk-ks.de\/baunatal\/wp-json\/wp\/v2\/categories?post=3028"},{"taxonomy":"post_tag","embeddable":true,"href":"http:\/\/gruene-lk-ks.de\/baunatal\/wp-json\/wp\/v2\/tags?post=3028"}],"curies":[{"name":"wp","href":"https:\/\/api.w.org\/{rel}","templated":true}]}}