{"id":3032,"date":"2021-11-08T14:17:12","date_gmt":"2021-11-08T12:17:12","guid":{"rendered":"http:\/\/gruene-lk-ks.de\/baunatal\/?p=3032"},"modified":"2021-11-08T14:17:12","modified_gmt":"2021-11-08T12:17:12","slug":"kreistagssitzung-in-baunatal-beraet-u-a-klimaschutzkonzept","status":"publish","type":"post","link":"http:\/\/gruene-lk-ks.de\/baunatal\/kreistagssitzung-in-baunatal-beraet-u-a-klimaschutzkonzept\/","title":{"rendered":"Kreistagssitzung in Baunatal ber\u00e4t u.a. Klimaschutzkonzept"},"content":{"rendered":"\n<p>Auf der Sitzung des Kreistages am 02. November 2021 in Baunatal wurde mit gro\u00dfer Mehrheit das integrierte Klimaschutzkonzept f\u00fcr den Landkreis Kassel beschlossen. Der Antrag f\u00fcr die Entwicklung eines Klimaschutzkonzeptes wurde von der GR\u00dcNEN Kreistagsfraktion bereits im Dezember 2018 im Rahmen der Haushaltsberatungen eingebracht und durch den Kreistag beschlossen. Daraus folgend wurden entsprechende Finanzmittel und F\u00f6rdergelder vom Bund bereitgestellt, sowie eine Klimaschutzmanagerin befristet eingestellt. Damit verbunden war der Auftrag zur Erarbeitung eines Klimaschutzkonzeptes. \u201eWir freuen uns sehr, dass nun ein ausgearbeitetes Konzept mit zahlreichen guten Ma\u00dfnahmenvorschl\u00e4gen vorliegt und beschlossen wurde. Heute ist ein guter Tag f\u00fcr den Landkreis Kassel und das Klima.&#8221;, so die GR\u00dcNE Fraktionsvorsitzende <strong>Monika Woizeschke-Br\u00fcck<\/strong> (Baunatal). &#8220;Die gr\u00f6\u00dfte Aufgabe, die Umsetzung der im Klimaschutzkonzepte beschriebenen Ma\u00dfnahmen, kommt nun aber erst auf uns zu. Damit die Umsetzung des Konzeptes auch gelingt, haben wir uns damals daf\u00fcr eingesetzt und tun es weiterhin, dass eine Klimaschutzmanagerin in unserer Landkreis-Verwaltung diese wichtige Zielvorgabe fachlich begleitet und auf deren Umsetzung achtet&#8221;, so Woizeschke-Br\u00fcck weiter. Der energiepolitische Sprecher der GR\u00dcNEN Kreistagsfraktion, <strong>Edmund Borschel <\/strong>(Baunatal), erg\u00e4nzt: &#8220;Als Partner in der rot-gr\u00fcnen Koalition auf Kreisebene werden wir uns weiterhin daf\u00fcr einsetzen, dass der Landkreis Kassel bis 2030 klimaneutral wird. Dieses Ziel ist auch im Koalitionsvertrag so verankert. Wir sind uns sicher, dass der auf der heutigen Sitzung neu vereidigte <strong>hauptamtliche Kreisbeigeordnete Thomas Ackermann<\/strong>, in dessen Aufgabenbereich der Klimaschutz f\u00e4llt, gemeinsam mit der Klimaschutzmanagerin und der Verwaltung die definierten Zielvorgaben im Klimaschutzkonzept auch als Querschnittsaufgabe umsetzen wird.&#8221; <strong>Edmund Borschel <\/strong>leitete auch zum ersten Mal und phasenweise als stellvertretender Kreistagsvorsitzender in Zusammenarbeit mit dem Kreistagsvorsitzenden <strong>Andreas G\u00fcttler<\/strong> (SPD) die Kreistagssitzung an diesem Tag.<\/p>\n","protected":false},"excerpt":{"rendered":"<p>Auf der Sitzung des Kreistages am 02. November 2021 in Baunatal wurde mit gro\u00dfer Mehrheit das integrierte Klimaschutzkonzept f\u00fcr den Landkreis Kassel beschlossen. Der Antrag f\u00fcr die Entwicklung eines Klimaschutzkonzeptes&#8230; <\/p>\n","protected":false},"author":20,"featured_media":3033,"comment_status":"closed","ping_status":"open","sticky":false,"template":"","format":"standard","meta":{"ngg_post_thumbnail":0},"categories":[1],"tags":[],"_links":{"self":[{"href":"http:\/\/gruene-lk-ks.de\/baunatal\/wp-json\/wp\/v2\/posts\/3032"}],"collection":[{"href":"http:\/\/gruene-lk-ks.de\/baunatal\/wp-json\/wp\/v2\/posts"}],"about":[{"href":"http:\/\/gruene-lk-ks.de\/baunatal\/wp-json\/wp\/v2\/types\/post"}],"author":[{"embeddable":true,"href":"http:\/\/gruene-lk-ks.de\/baunatal\/wp-json\/wp\/v2\/users\/20"}],"replies":[{"embeddable":true,"href":"http:\/\/gruene-lk-ks.de\/baunatal\/wp-json\/wp\/v2\/comments?post=3032"}],"version-history":[{"count":1,"href":"http:\/\/gruene-lk-ks.de\/baunatal\/wp-json\/wp\/v2\/posts\/3032\/revisions"}],"predecessor-version":[{"id":3034,"href":"http:\/\/gruene-lk-ks.de\/baunatal\/wp-json\/wp\/v2\/posts\/3032\/revisions\/3034"}],"wp:featuredmedia":[{"embeddable":true,"href":"http:\/\/gruene-lk-ks.de\/baunatal\/wp-json\/wp\/v2\/media\/3033"}],"wp:attachment":[{"href":"http:\/\/gruene-lk-ks.de\/baunatal\/wp-json\/wp\/v2\/media?parent=3032"}],"wp:term":[{"taxonomy":"category","embeddable":true,"href":"http:\/\/gruene-lk-ks.de\/baunatal\/wp-json\/wp\/v2\/categories?post=3032"},{"taxonomy":"post_tag","embeddable":true,"href":"http:\/\/gruene-lk-ks.de\/baunatal\/wp-json\/wp\/v2\/tags?post=3032"}],"curies":[{"name":"wp","href":"https:\/\/api.w.org\/{rel}","templated":true}]}}