{"id":304,"date":"2015-09-22T13:38:07","date_gmt":"2015-09-22T11:38:07","guid":{"rendered":"http:\/\/gruene-lk-ks.de\/baunatal\/?p=304"},"modified":"2015-09-22T13:39:04","modified_gmt":"2015-09-22T11:39:04","slug":"stadtmarketing-lud-ein-zum-buergerfruehstueck-auch-gruene-kamen","status":"publish","type":"post","link":"http:\/\/gruene-lk-ks.de\/baunatal\/stadtmarketing-lud-ein-zum-buergerfruehstueck-auch-gruene-kamen\/","title":{"rendered":"Stadtmarketing lud ein zum B\u00fcrgerfr\u00fchst\u00fcck \u2013 auch GR\u00dcNE  kamen"},"content":{"rendered":"<p style=\"text-align: right\"><b> 20.09. 2015<\/b><\/p>\n<p><b>Pressemitteilung <\/b><\/p>\n<p><b>Stadtmarketing lud ein zum B\u00fcrgerfr\u00fchst\u00fcck \u2013 auch <\/b><b>GR\u00dcNE\u00a0 kamen<\/b><\/p>\n<p><b>Die GR\u00dcNEN Baunatal <\/b>waren zahlreich vertreten beim ersten vom Stadtmarketing veranstalteten B\u00fcrgerfr\u00fchst\u00fcck in der Innenstadt. Der Tisch war reichhaltig gedeckt mit Obst und Tomaten aus dem eigenen Garten, selbstgemachten Marmeladen sowie selbst gebackenen Brownies, Vollkornbrot und K\u00f6rnerbr\u00f6tchen neben anderen Leckereien.<\/p>\n<p>Die Tischgarnitur in der Glaspassage war von den Organisatoren gut platziert worden zum Nachbartisch, der Diakonie Kassel und den\u00a0 Baunataler Werkst\u00e4tten, da sich inzwischen eine enge Freundschaft zu dieser Einrichtung aufgebaut hat.<\/p>\n<div id=\"attachment_306\" class=\"wp-caption aligncenter\" style=\"width: 783px\"><a class=\"fancybox\" rel=\"gallery304\" href=\"http:\/\/gruene-lk-ks.de\/baunatal\/files\/2015\/09\/2015_GRUENE-Baunatal_B\u00fcrgerfr\u00fchst\u00fcck_09-13-003.jpg\"><img loading=\"lazy\" class=\"size-large wp-image-306\" src=\"http:\/\/gruene-lk-ks.de\/baunatal\/files\/2015\/09\/2015_GRUENE-Baunatal_B\u00fcrgerfr\u00fchst\u00fcck_09-13-003-800x533.jpg\" alt=\"Baunataler Werkst\u00e4tten\/Diakonie und GR\u00dcNE nachbarschaftlich vereint\" width=\"783\" height=\"522\" srcset=\"http:\/\/gruene-lk-ks.de\/baunatal\/files\/2015\/09\/2015_GRUENE-Baunatal_B\u00fcrgerfr\u00fchst\u00fcck_09-13-003-800x533.jpg 800w, http:\/\/gruene-lk-ks.de\/baunatal\/files\/2015\/09\/2015_GRUENE-Baunatal_B\u00fcrgerfr\u00fchst\u00fcck_09-13-003-400x267.jpg 400w, http:\/\/gruene-lk-ks.de\/baunatal\/files\/2015\/09\/2015_GRUENE-Baunatal_B\u00fcrgerfr\u00fchst\u00fcck_09-13-003-150x100.jpg 150w\" sizes=\"(max-width: 783px) 100vw, 783px\" \/><\/a><p class=\"wp-caption-text\">Baunataler Werkst\u00e4tten\/Diakonie und GR\u00dcNE nachbarschaftlich vereint<\/p><\/div>\n<p>Dank geb\u00fchrt dem Stadtmarketing f\u00fcr die professionell vorbereitete Veranstaltung und es bleibt zu w\u00fcnschen, dass sich dieser Event im Jahresplan unserer Stadt verankern l\u00e4sst, damit sich Vereine, Firmen, Parteien, Organisationen und B\u00fcrgerInnen locker und ohne finanziellen Aufwand f\u00fcr die eingeladenen B\u00fcrgerInnen besser vernetzen k\u00f6nnen.<\/p>\n<p>&nbsp;<\/p>\n","protected":false},"excerpt":{"rendered":"<p>20.09. 2015 Pressemitteilung Stadtmarketing lud ein zum B\u00fcrgerfr\u00fchst\u00fcck \u2013 auch GR\u00dcNE\u00a0 kamen Die GR\u00dcNEN Baunatal waren zahlreich vertreten beim ersten vom Stadtmarketing veranstalteten B\u00fcrgerfr\u00fchst\u00fcck in der Innenstadt. Der Tisch war&#8230; <\/p>\n","protected":false},"author":6,"featured_media":0,"comment_status":"open","ping_status":"open","sticky":false,"template":"","format":"standard","meta":{"ngg_post_thumbnail":0},"categories":[1],"tags":[],"_links":{"self":[{"href":"http:\/\/gruene-lk-ks.de\/baunatal\/wp-json\/wp\/v2\/posts\/304"}],"collection":[{"href":"http:\/\/gruene-lk-ks.de\/baunatal\/wp-json\/wp\/v2\/posts"}],"about":[{"href":"http:\/\/gruene-lk-ks.de\/baunatal\/wp-json\/wp\/v2\/types\/post"}],"author":[{"embeddable":true,"href":"http:\/\/gruene-lk-ks.de\/baunatal\/wp-json\/wp\/v2\/users\/6"}],"replies":[{"embeddable":true,"href":"http:\/\/gruene-lk-ks.de\/baunatal\/wp-json\/wp\/v2\/comments?post=304"}],"version-history":[{"count":3,"href":"http:\/\/gruene-lk-ks.de\/baunatal\/wp-json\/wp\/v2\/posts\/304\/revisions"}],"predecessor-version":[{"id":309,"href":"http:\/\/gruene-lk-ks.de\/baunatal\/wp-json\/wp\/v2\/posts\/304\/revisions\/309"}],"wp:attachment":[{"href":"http:\/\/gruene-lk-ks.de\/baunatal\/wp-json\/wp\/v2\/media?parent=304"}],"wp:term":[{"taxonomy":"category","embeddable":true,"href":"http:\/\/gruene-lk-ks.de\/baunatal\/wp-json\/wp\/v2\/categories?post=304"},{"taxonomy":"post_tag","embeddable":true,"href":"http:\/\/gruene-lk-ks.de\/baunatal\/wp-json\/wp\/v2\/tags?post=304"}],"curies":[{"name":"wp","href":"https:\/\/api.w.org\/{rel}","templated":true}]}}