{"id":3041,"date":"2021-11-24T11:34:31","date_gmt":"2021-11-24T09:34:31","guid":{"rendered":"http:\/\/gruene-lk-ks.de\/baunatal\/?p=3041"},"modified":"2021-11-24T11:34:31","modified_gmt":"2021-11-24T09:34:31","slug":"personalsituation-in-baunataler-kindertagesstaetten-und-im-u3-bereich-dramatisch","status":"publish","type":"post","link":"http:\/\/gruene-lk-ks.de\/baunatal\/personalsituation-in-baunataler-kindertagesstaetten-und-im-u3-bereich-dramatisch\/","title":{"rendered":"Personalsituation in Baunataler Kindertagesst\u00e4tten und im U3-Bereich dramatisch"},"content":{"rendered":"\n<p>Die Fraktion von B\u00fcndnis 90\/Die GR\u00dcNEN besch\u00e4ftigte sich in ihrer Fraktionssitzung nochmals mit der Personalsituation in Baunataler Kindertagesst\u00e4tten und im U3 Bereich und dem entsprechenden gemeinsamen Antrag von SPD, CDU und GR\u00dcNEN aus der letzten Stadtverordnetenversammlung. Dieser macht den Weg frei f\u00fcr die Entfristung bereits bestehender sowie zuk\u00fcnftiger Arbeitsvertr\u00e4ge von Erzieherinnen und Erziehern.<\/p>\n\n\n\n<p>Hintergrund ist, dass sich die Personalausstattung im Kita- und U3-Bereich in Baunatal zuspitzt, erkennbar an den in der Planung f\u00fcr 2021 (22 Fachkr\u00e4fte) und 2022 (weitere bis ca. 20 Fachkr\u00e4fte) nicht besetzten Stellen. Damit diese unbefristet ausgeschrieben werden k\u00f6nnen, m\u00fcssen zuerst die aktuell ca. 40 befristet besch\u00e4ftigten Fachkr\u00e4fte die M\u00f6glichkeit einer Entfristung ihrer Arbeitsvertr\u00e4ge erhalten. Die genannten fehlenden bis zu ca. 40 Fachkr\u00e4fte in 2021und 2022 ist eine gewaltige Anzahl, die erst einmal gefunden werden will!<\/p>\n\n\n\n<p>Erschwerend ist die allgemein versch\u00e4rfte Lage auf dem Arbeitsmarkt: es gibt nur eine geringe Anzahl an arbeitssuchenden qualifizierten Erzieher*innen, d.h. der \u201cMarkt ist leergefegt\u201c und die Wenigen k\u00f6nnen sich die freien Stellen in der Region aussuchen. Hier muss evaluiert werden: Gelten wir als Arbeitgeber im Bewusstsein von Au\u00dfenstehenden oder interessierten Bewerber*innen (noch) als attraktiv? &#8211;&nbsp; Wenn nein, warum nicht? Welche Verbesserungen des Arbeitgeber-Images k\u00f6nnen vorgenommen werden? Dabei sollten nicht nur monet\u00e4re oder geldwerte Leistungen, sondern vor Allem auch inhaltliche Attraktivit\u00e4tssteigerungen ins Auge gefasst werden.<\/p>\n\n\n\n<p>Der gemeinsame Antrag von SPD, CDU und GR\u00dcNEN in der letzten Stadtverordnetensitzung kann nur ein erster Schritt zur Verbesserung der Situation im Erzieherbereich sein. Man darf nicht der Auffassung sein, eine Ausschreibung von unbefristeten Stellen sei das Allheilmittel.<\/p>\n\n\n\n<p>Zur Entlastung der Erzieher*innen sollten m\u00f6glichst bald ebenso die Gruppenst\u00e4rken von 25 wieder auf 23 Kinder gesenkt sowie entlastende Ma\u00dfnahmen f\u00fcr die aktiven Erzieher*innen eingef\u00fchrt werden. <strong>Denn die vorhandenen Fachkr\u00e4fte in Baunatal gleichen den Personalmangel in ihren Einrichtungen gerade durch eigene Women- und Men-Power aus und ben\u00f6tigen dringend Entlastung!<\/strong><\/p>\n\n\n\n<figure class=\"wp-block-image size-large\"><a class=\"fancybox\" rel=\"gallery3041\" href=\"http:\/\/gruene-lk-ks.de\/baunatal\/files\/2021\/11\/IMG_5866-scaled.jpg\"><img loading=\"lazy\" width=\"800\" height=\"533\" src=\"http:\/\/gruene-lk-ks.de\/baunatal\/files\/2021\/11\/IMG_5866-800x533.jpg\" alt=\"Vorlesepaten im Einsatz: wertvolle Erg\u00e4nzung der p\u00e4dagogischen Arbeit in unseren Kitas\" class=\"wp-image-3042\" srcset=\"http:\/\/gruene-lk-ks.de\/baunatal\/files\/2021\/11\/IMG_5866-800x533.jpg 800w, http:\/\/gruene-lk-ks.de\/baunatal\/files\/2021\/11\/IMG_5866-400x267.jpg 400w, http:\/\/gruene-lk-ks.de\/baunatal\/files\/2021\/11\/IMG_5866-768x512.jpg 768w, http:\/\/gruene-lk-ks.de\/baunatal\/files\/2021\/11\/IMG_5866-1536x1024.jpg 1536w, http:\/\/gruene-lk-ks.de\/baunatal\/files\/2021\/11\/IMG_5866-2048x1365.jpg 2048w, http:\/\/gruene-lk-ks.de\/baunatal\/files\/2021\/11\/IMG_5866-150x100.jpg 150w\" sizes=\"(max-width: 800px) 100vw, 800px\" \/><\/a><figcaption>Vorlesepaten im Einsatz: wertvolle Erg\u00e4nzung der p\u00e4dagogischen Arbeit in unseren Kitas<\/figcaption><\/figure>\n\n\n\n<p>In diese Richtung argumentierte auch die GR\u00dcNE Stadtverordnete Damaris M\u00fcller in ihrem Redebeitrag in der STAVO und stellte schon zuvor Fragen im Rahmen der Fragestunde im September 2021 zu gestiegenen Anmeldezahlen im Kita- und U3-Bereich und Geburtenzahlen. Ebenso haben Vertreter der GR\u00dcNEN Fraktion bereits in den Sozialausschusssitzungen im Mai, Juni und August 2021 auf diese dr\u00e4ngende Problematik hingewiesen.<\/p>\n\n\n\n<p>Nun wurde also per Beschluss in der Stadtverordnetenversammlung der Weg bereitet f\u00fcr Entfristungen, verbunden mit der Hoffnung, dass sich zus\u00e4tzlich m\u00f6glichst viele Erzieher*innen in Baunatal bewerben, um die Qualit\u00e4tsstandard in unseren Einrichtungen weiterhin gew\u00e4hrleisten zu k\u00f6nnen. Wenn Sie Fachkr\u00e4fte f\u00fcr den Kita- und U3-Bereich in Ihrem Umfeld haben, weisen Sie diese gerne auf die Stellenausschreibungen der Stadt Baunatal unter <a href=\"https:\/\/www.baunatal.de\/de\/rathaus-politik\/rathaus\/stellenausschreibungen.php\">https:\/\/www.baunatal.de\/de\/rathaus-politik\/rathaus\/stellenausschreibungen.php<\/a> hin.<\/p>\n","protected":false},"excerpt":{"rendered":"<p>Die Fraktion von B\u00fcndnis 90\/Die GR\u00dcNEN besch\u00e4ftigte sich in ihrer Fraktionssitzung nochmals mit der Personalsituation in Baunataler Kindertagesst\u00e4tten und im U3 Bereich und dem entsprechenden gemeinsamen Antrag von SPD, CDU&#8230; <\/p>\n","protected":false},"author":20,"featured_media":3043,"comment_status":"closed","ping_status":"open","sticky":false,"template":"","format":"standard","meta":{"ngg_post_thumbnail":0},"categories":[1],"tags":[],"_links":{"self":[{"href":"http:\/\/gruene-lk-ks.de\/baunatal\/wp-json\/wp\/v2\/posts\/3041"}],"collection":[{"href":"http:\/\/gruene-lk-ks.de\/baunatal\/wp-json\/wp\/v2\/posts"}],"about":[{"href":"http:\/\/gruene-lk-ks.de\/baunatal\/wp-json\/wp\/v2\/types\/post"}],"author":[{"embeddable":true,"href":"http:\/\/gruene-lk-ks.de\/baunatal\/wp-json\/wp\/v2\/users\/20"}],"replies":[{"embeddable":true,"href":"http:\/\/gruene-lk-ks.de\/baunatal\/wp-json\/wp\/v2\/comments?post=3041"}],"version-history":[{"count":1,"href":"http:\/\/gruene-lk-ks.de\/baunatal\/wp-json\/wp\/v2\/posts\/3041\/revisions"}],"predecessor-version":[{"id":3044,"href":"http:\/\/gruene-lk-ks.de\/baunatal\/wp-json\/wp\/v2\/posts\/3041\/revisions\/3044"}],"wp:featuredmedia":[{"embeddable":true,"href":"http:\/\/gruene-lk-ks.de\/baunatal\/wp-json\/wp\/v2\/media\/3043"}],"wp:attachment":[{"href":"http:\/\/gruene-lk-ks.de\/baunatal\/wp-json\/wp\/v2\/media?parent=3041"}],"wp:term":[{"taxonomy":"category","embeddable":true,"href":"http:\/\/gruene-lk-ks.de\/baunatal\/wp-json\/wp\/v2\/categories?post=3041"},{"taxonomy":"post_tag","embeddable":true,"href":"http:\/\/gruene-lk-ks.de\/baunatal\/wp-json\/wp\/v2\/tags?post=3041"}],"curies":[{"name":"wp","href":"https:\/\/api.w.org\/{rel}","templated":true}]}}