{"id":3046,"date":"2021-11-29T12:23:40","date_gmt":"2021-11-29T10:23:40","guid":{"rendered":"http:\/\/gruene-lk-ks.de\/baunatal\/?p=3046"},"modified":"2021-11-29T12:28:58","modified_gmt":"2021-11-29T10:28:58","slug":"baunatal-profitiert-vom-foerderprogramm-nachhaltige-stadterneuerung-des-landes-hessen","status":"publish","type":"post","link":"http:\/\/gruene-lk-ks.de\/baunatal\/baunatal-profitiert-vom-foerderprogramm-nachhaltige-stadterneuerung-des-landes-hessen\/","title":{"rendered":"Baunatal profitiert vom F\u00f6rderprogramm \u201cNachhaltige Stadterneuerung\u201c des Landes Hessen"},"content":{"rendered":"\n<p>Das st\u00e4dtebauliche F\u00f6rderprogramm \u201eSozialer Zusammenhalt\u201c von Bund und L\u00e4ndern, f\u00fcr welches die hessische Infrastrukturbank WI-Bank demn\u00e4chst die F\u00f6rdersummen des Programmjahres 2021 \u00fcberweisen wird, soll Stadtteilen mit besonderem Entwicklungsbedarf dabei helfen, im Sinne einer nachhaltigen Stadterneuerung soziale, kulturelle, \u00f6konomische und \u00f6kologische Herausforderungen durch Ansto\u00dfinvestitionen zu l\u00f6sen.<\/p>\n\n\n\n<p>Der Baunataler \u201cTeilstadtteil Baunsberg\u201c profitiert ebenfalls&nbsp; im Zuge des F\u00f6rderprogramms von einer F\u00f6rdersumme von 248.000 Euro. <strong>Vanessa Gronemann<\/strong>, zust\u00e4ndige Landtagsabgeordnete f\u00fcr den Landkreis Kassel von B\u00dcNDNIS 90\/DIE GR\u00dcNEN, freut sich \u00fcber die F\u00f6rderung und betont die Bedeutung einer intensiven F\u00f6rderung von Stadtteilen mit besonderen Herausforderungen: \u201eGerade in Stadtteilen wie dem Baunsberg sind Investitionen gefragt, um das Potenzial in diesen Quartieren zu aktivieren und den Lebensmittelpunkt der Bewohner*innen durch zus\u00e4tzliche Angebote attraktiver zu gestalten. Daher halte ich die F\u00f6rderung aus dem Investitionsprogramm \u201eSozialer Zusammenhalt\u201c f\u00fcr ein gelungenes Beispiel, wie Bundes- und Landesf\u00f6rderung unmittelbar in den Quartieren helfen k\u00f6nnen.\u201c<\/p>\n\n\n\n<figure class=\"wp-block-image size-medium\"><a class=\"fancybox\" rel=\"gallery3046\" href=\"http:\/\/gruene-lk-ks.de\/baunatal\/files\/2021\/11\/2021_PM_Dezember-1_Foto-Gronemann.jpg\"><img loading=\"lazy\" width=\"400\" height=\"400\" src=\"http:\/\/gruene-lk-ks.de\/baunatal\/files\/2021\/11\/2021_PM_Dezember-1_Foto-Gronemann-400x400.jpg\" alt=\"Vanessa Gronemann (MdL) aus Kassel-Stadt\" class=\"wp-image-3047\" srcset=\"http:\/\/gruene-lk-ks.de\/baunatal\/files\/2021\/11\/2021_PM_Dezember-1_Foto-Gronemann-400x400.jpg 400w, http:\/\/gruene-lk-ks.de\/baunatal\/files\/2021\/11\/2021_PM_Dezember-1_Foto-Gronemann-800x800.jpg 800w, http:\/\/gruene-lk-ks.de\/baunatal\/files\/2021\/11\/2021_PM_Dezember-1_Foto-Gronemann-150x150.jpg 150w, http:\/\/gruene-lk-ks.de\/baunatal\/files\/2021\/11\/2021_PM_Dezember-1_Foto-Gronemann-768x768.jpg 768w, http:\/\/gruene-lk-ks.de\/baunatal\/files\/2021\/11\/2021_PM_Dezember-1_Foto-Gronemann-1536x1536.jpg 1536w, http:\/\/gruene-lk-ks.de\/baunatal\/files\/2021\/11\/2021_PM_Dezember-1_Foto-Gronemann-2048x2048.jpg 2048w\" sizes=\"(max-width: 400px) 100vw, 400px\" \/><\/a><figcaption>Vanessa Gronemann (MdL) aus Kassel-Stadt<\/figcaption><\/figure>\n\n\n\n<p>Auch die GR\u00dcNEN Baunatal begr\u00fc\u00dfen die Unterst\u00fctzung aus Wiesbaden.&nbsp; \u201cIch freue mich, dass die schwarz-GR\u00dcNE Landesregierung Nordhessen weiterhin im Blick hat und F\u00f6rdermittel dort einsetzt, wo hoher Bedarf besteht,\u201c so der Baunataler GR\u00dcNE Fraktionsvorsitzende und Kreistagsabgeordnete <strong>Edmund Borschel.&nbsp;<\/strong><\/p>\n\n\n\n<p>Das innenstadtnahe Wohngebiet mit r\u00e4umlicher N\u00e4he zum angrenzenden Habichtswald wird mit dieser F\u00f6rderung seit mehreren Jahren zu einem attraktiven und lebendigen Wohnstandort weiterentwickelt. Zu den Projekten geh\u00f6ren der Erhalt und Neuschaffung bezahlbarer Wohnungen, Entwicklung der Wegestruktur zur Verbesserung der Orientierung und weitere Ma\u00dfnahmen zur Verbesserung der Lebensqualit\u00e4t. In den Sitzungen der \u201eLenkungsgruppe Sozialer Zusammenhalt Baunsberg\u201c werden die Ma\u00dfnahmen beraten und abgestimmt. In der Lenkungsgruppe ist u.a. unser Stadtverordneter <strong>Lothar Rost<\/strong> seit 5 Jahren Mitglied.<\/p>\n","protected":false},"excerpt":{"rendered":"<p>Das st\u00e4dtebauliche F\u00f6rderprogramm \u201eSozialer Zusammenhalt\u201c von Bund und L\u00e4ndern, f\u00fcr welches die hessische Infrastrukturbank WI-Bank demn\u00e4chst die F\u00f6rdersummen des Programmjahres 2021 \u00fcberweisen wird, soll Stadtteilen mit besonderem Entwicklungsbedarf dabei helfen,&#8230; <\/p>\n","protected":false},"author":20,"featured_media":3049,"comment_status":"closed","ping_status":"open","sticky":false,"template":"","format":"standard","meta":{"ngg_post_thumbnail":0},"categories":[1],"tags":[],"_links":{"self":[{"href":"http:\/\/gruene-lk-ks.de\/baunatal\/wp-json\/wp\/v2\/posts\/3046"}],"collection":[{"href":"http:\/\/gruene-lk-ks.de\/baunatal\/wp-json\/wp\/v2\/posts"}],"about":[{"href":"http:\/\/gruene-lk-ks.de\/baunatal\/wp-json\/wp\/v2\/types\/post"}],"author":[{"embeddable":true,"href":"http:\/\/gruene-lk-ks.de\/baunatal\/wp-json\/wp\/v2\/users\/20"}],"replies":[{"embeddable":true,"href":"http:\/\/gruene-lk-ks.de\/baunatal\/wp-json\/wp\/v2\/comments?post=3046"}],"version-history":[{"count":3,"href":"http:\/\/gruene-lk-ks.de\/baunatal\/wp-json\/wp\/v2\/posts\/3046\/revisions"}],"predecessor-version":[{"id":3051,"href":"http:\/\/gruene-lk-ks.de\/baunatal\/wp-json\/wp\/v2\/posts\/3046\/revisions\/3051"}],"wp:featuredmedia":[{"embeddable":true,"href":"http:\/\/gruene-lk-ks.de\/baunatal\/wp-json\/wp\/v2\/media\/3049"}],"wp:attachment":[{"href":"http:\/\/gruene-lk-ks.de\/baunatal\/wp-json\/wp\/v2\/media?parent=3046"}],"wp:term":[{"taxonomy":"category","embeddable":true,"href":"http:\/\/gruene-lk-ks.de\/baunatal\/wp-json\/wp\/v2\/categories?post=3046"},{"taxonomy":"post_tag","embeddable":true,"href":"http:\/\/gruene-lk-ks.de\/baunatal\/wp-json\/wp\/v2\/tags?post=3046"}],"curies":[{"name":"wp","href":"https:\/\/api.w.org\/{rel}","templated":true}]}}