{"id":3053,"date":"2022-01-17T12:37:40","date_gmt":"2022-01-17T10:37:40","guid":{"rendered":"http:\/\/gruene-lk-ks.de\/baunatal\/?p=3053"},"modified":"2022-01-17T12:37:40","modified_gmt":"2022-01-17T10:37:40","slug":"gruene-gruesse-zum-neuen-jahr","status":"publish","type":"post","link":"http:\/\/gruene-lk-ks.de\/baunatal\/gruene-gruesse-zum-neuen-jahr\/","title":{"rendered":"GR\u00dcNE Gr\u00fc\u00dfe zum Neuen Jahr"},"content":{"rendered":"\n<p><strong>Wir w\u00fcnschen allen Baunataler*innen im neuen Jahr Gl\u00fcck, Zufriedenheit und insbesonders Gesundheit in diesen schwierigen Zeiten.<\/strong><\/p>\n\n\n\n<p>Hinter uns liegt ein Jahr mit vielen Herausforderungen, das nicht nur durch Corona, sondern durch drei Wahlk\u00e4mpfe, einige Veranstaltungen \u2013 so auch das traditionelle K\u00fcrbisfest \u2013 und intensive politische Arbeit im Stadtparlament gepr\u00e4gt war.<\/p>\n\n\n\n<p>Das hervorragende Ergebnis bei der Kommunalwahl und auch unseres Kandidaten bei der B\u00fcrgermeisterwahl haben gezeigt, dass Gr\u00fcne Themen einen wichtigen Stellenwert in Baunatal haben und wir durch unser intensives Engagement viel bewegen konnten.&nbsp; So stellen wir in der neuen Stadtverordnetenversammlung erstmalig 9 Mandatstr\u00e4ger und mit Florian Pfeiffer den Vorsitzenden im Ausschuss f\u00fcr Digitalisierung, Energie und Infrastruktur. Auch im Magistrat sind wir jetzt mit&nbsp; Juliane Kothe und J\u00fcrgen B\u00f6hme zweifach vertreten. Einen guten \u00dcberblick \u00fcber unsere Aktivit\u00e4ten im Jahre 2021 gibt unsere Homepage, <a href=\"http:\/\/www.gruen-baunatl.de\/\">www.gruene-baunatal.de<\/a> , schauen Sie doch mal hinein!<\/p>\n\n\n\n<p>Herzlichen Dank an alle Freund*innen, Helfer*innen und Sympathisant*innen f\u00fcr die bisherige tolle Unterst\u00fctzung!<\/p>\n\n\n\n<figure class=\"wp-block-image size-large\"><a class=\"fancybox\" rel=\"gallery3053\" href=\"http:\/\/gruene-lk-ks.de\/baunatal\/files\/2022\/01\/2-Neujahrs-PM-scaled.jpg\"><img loading=\"lazy\" width=\"800\" height=\"808\" src=\"http:\/\/gruene-lk-ks.de\/baunatal\/files\/2022\/01\/2-Neujahrs-PM-800x808.jpg\" alt=\"\" class=\"wp-image-3055\" srcset=\"http:\/\/gruene-lk-ks.de\/baunatal\/files\/2022\/01\/2-Neujahrs-PM-800x808.jpg 800w, http:\/\/gruene-lk-ks.de\/baunatal\/files\/2022\/01\/2-Neujahrs-PM-400x404.jpg 400w, http:\/\/gruene-lk-ks.de\/baunatal\/files\/2022\/01\/2-Neujahrs-PM-768x776.jpg 768w, http:\/\/gruene-lk-ks.de\/baunatal\/files\/2022\/01\/2-Neujahrs-PM-1521x1536.jpg 1521w, http:\/\/gruene-lk-ks.de\/baunatal\/files\/2022\/01\/2-Neujahrs-PM-2028x2048.jpg 2028w\" sizes=\"(max-width: 800px) 100vw, 800px\" \/><\/a><\/figure>\n\n\n\n<p>Wir werden auch 2022 nicht m\u00fcde, uns b\u00fcrgernah, umweltbewusst, klimafreundlich und partei\u00fcbergreifend f\u00fcr die Baunataler Belange einzusetzen. Positiv begleitet wird dies durch die neue Konstellation und Zusammenarbeit im Kreistag und die&nbsp; beschlossenen Gesetze und Vorlagen aus der Berliner \u201eAmpelkoalition\u201c.<\/p>\n\n\n\n<p>\u00dcber jegliche Anregungen und Unterst\u00fctzung aus der Baunataler B\u00fcrgerschaft freuen wir uns.<\/p>\n\n\n\n<p>Es gr\u00fc\u00dfen f\u00fcr die Fraktion und den Ortsvorstand<\/p>\n\n\n\n<p>Edmund Borschel und Juliane Kothe<\/p>\n","protected":false},"excerpt":{"rendered":"<p>Wir w\u00fcnschen allen Baunataler*innen im neuen Jahr Gl\u00fcck, Zufriedenheit und insbesonders Gesundheit in diesen schwierigen Zeiten. Hinter uns liegt ein Jahr mit vielen Herausforderungen, das nicht nur durch Corona, sondern&#8230; <\/p>\n","protected":false},"author":20,"featured_media":3054,"comment_status":"closed","ping_status":"open","sticky":false,"template":"","format":"standard","meta":{"ngg_post_thumbnail":0},"categories":[1],"tags":[],"_links":{"self":[{"href":"http:\/\/gruene-lk-ks.de\/baunatal\/wp-json\/wp\/v2\/posts\/3053"}],"collection":[{"href":"http:\/\/gruene-lk-ks.de\/baunatal\/wp-json\/wp\/v2\/posts"}],"about":[{"href":"http:\/\/gruene-lk-ks.de\/baunatal\/wp-json\/wp\/v2\/types\/post"}],"author":[{"embeddable":true,"href":"http:\/\/gruene-lk-ks.de\/baunatal\/wp-json\/wp\/v2\/users\/20"}],"replies":[{"embeddable":true,"href":"http:\/\/gruene-lk-ks.de\/baunatal\/wp-json\/wp\/v2\/comments?post=3053"}],"version-history":[{"count":1,"href":"http:\/\/gruene-lk-ks.de\/baunatal\/wp-json\/wp\/v2\/posts\/3053\/revisions"}],"predecessor-version":[{"id":3056,"href":"http:\/\/gruene-lk-ks.de\/baunatal\/wp-json\/wp\/v2\/posts\/3053\/revisions\/3056"}],"wp:featuredmedia":[{"embeddable":true,"href":"http:\/\/gruene-lk-ks.de\/baunatal\/wp-json\/wp\/v2\/media\/3054"}],"wp:attachment":[{"href":"http:\/\/gruene-lk-ks.de\/baunatal\/wp-json\/wp\/v2\/media?parent=3053"}],"wp:term":[{"taxonomy":"category","embeddable":true,"href":"http:\/\/gruene-lk-ks.de\/baunatal\/wp-json\/wp\/v2\/categories?post=3053"},{"taxonomy":"post_tag","embeddable":true,"href":"http:\/\/gruene-lk-ks.de\/baunatal\/wp-json\/wp\/v2\/tags?post=3053"}],"curies":[{"name":"wp","href":"https:\/\/api.w.org\/{rel}","templated":true}]}}