{"id":3058,"date":"2022-01-25T11:35:11","date_gmt":"2022-01-25T09:35:11","guid":{"rendered":"http:\/\/gruene-lk-ks.de\/baunatal\/?p=3058"},"modified":"2022-01-25T11:35:11","modified_gmt":"2022-01-25T09:35:11","slug":"zum-ersten-mal-menschenkette-vor-dem-baunataler-rathaus","status":"publish","type":"post","link":"http:\/\/gruene-lk-ks.de\/baunatal\/zum-ersten-mal-menschenkette-vor-dem-baunataler-rathaus\/","title":{"rendered":"Zum ersten Mal: Menschenkette vor dem Baunataler Rathaus"},"content":{"rendered":"\n<p>Nachdem CORONA Leugner mehrere Wochen immer donnerstags den Marktplatz belagern oder mit ihren sogenannten \u201eSpazierg\u00e4ngen\u201c die Baunataler Innenstadt \u201ebev\u00f6lkert\u201c haben, hat sich vergangene Woche die Zivilgesellschaft gezeigt und zu Wort gemeldet. Dies geschah in Form einer Menschenkette, ausgestattet mit bunten B\u00e4ndern vor dem Haupteingang des Rathauses. Die Teilnehmer*innen kamen aus verschiedenen Kreisen und Gruppierungen unserer Stadt: der gesamten B\u00fcrgerschaft, Vereinen, Feuerwehr, Verwaltung und Politik. Auch aus dem Gesundheitswesen waren Besch\u00e4ftigte pr\u00e4sent, da sie mit den Auswirkungen der Pandemie t\u00e4glich und unmittelbar konfrontiert werden. Nicht nur bei diesen zeigte sich Unverst\u00e4ndnis und Kopfsch\u00fctteln, immer dann, wenn krude Verschw\u00f6rungstheorien in der Rede des ausw\u00e4rtigen Veranstalters ge\u00e4u\u00dfert wurden.<\/p>\n\n\n\n<p>Die gute, solidarische Stimmung in der Menschenkette wurde lediglich durch gelegentliche \u201cBuhrufe\u201c unterbrochen, wenn in Wortbeitr\u00e4gen der Gegenseite alle Geimpften als \u201cVersuchskaninchen\u201c bezeichnet wurden. Schilder wie \u201cImpfen statt schimpfen\u201c oder die illuminierten Hinweise im 1. Stock des Rathauses \u201cBaunatal impft weiter\u201c\u00a0 waren nur ein kleines Gegengewicht. Auch die B\u00fcrgermeisterin wurde angegriffen, weil sie sich geweigert hat, vor den \u201eSpazierg\u00e4ngern\u201c auf dem Marktplatz zu reden und im Vorfeld eine Unterst\u00fctzung der \u201cGegendemonstration\u201c in Form der Menschenkette vor dem Rathaus zwar signalisiert hatte, mit dem Hinweis: \u201cAuf der Rathaustreppe ist kein Platz f\u00fcr Protest gegen erlassene Gesetze und Verordnungen sowie rechte Hetze\u201c. Veranstalter war jedoch der Stadtverordnetenvorsteher und eine Vielzahl\u00a0Stadtverordneter folgte dem Aufruf, unter Ihnen vier Mandatstr\u00e4ger*innen der GR\u00dcNEN Stavo-Fraktion.<\/p>\n\n\n\n<figure class=\"wp-block-image size-large\"><a class=\"fancybox\" rel=\"gallery3058\" href=\"http:\/\/gruene-lk-ks.de\/baunatal\/files\/2022\/01\/20220120_182511_resized-scaled.jpg\"><img loading=\"lazy\" width=\"800\" height=\"450\" src=\"http:\/\/gruene-lk-ks.de\/baunatal\/files\/2022\/01\/20220120_182511_resized-800x450.jpg\" alt=\"Gr\u00fcne Mandatstr\u00e4ger*innen reihen sich in die Menschenkette ein\" class=\"wp-image-3059\" srcset=\"http:\/\/gruene-lk-ks.de\/baunatal\/files\/2022\/01\/20220120_182511_resized-800x450.jpg 800w, http:\/\/gruene-lk-ks.de\/baunatal\/files\/2022\/01\/20220120_182511_resized-400x225.jpg 400w, http:\/\/gruene-lk-ks.de\/baunatal\/files\/2022\/01\/20220120_182511_resized-768x432.jpg 768w, http:\/\/gruene-lk-ks.de\/baunatal\/files\/2022\/01\/20220120_182511_resized-1536x864.jpg 1536w, http:\/\/gruene-lk-ks.de\/baunatal\/files\/2022\/01\/20220120_182511_resized-2048x1152.jpg 2048w, http:\/\/gruene-lk-ks.de\/baunatal\/files\/2022\/01\/20220120_182511_resized-150x84.jpg 150w\" sizes=\"(max-width: 800px) 100vw, 800px\" \/><\/a><figcaption>Gr\u00fcne Mandatstr\u00e4ger*innen reihen sich in die Menschenkette ein<\/figcaption><\/figure>\n\n\n\n<p>Ungekl\u00e4rt ist bisher, wieviel Baunataler unter den CORONA Leugnern bzw. \u201eSpazierg\u00e4ngern\u201c sind. Auff\u00e4llig dagegen ist, dass immer donnerstags Autokennzeichen aus S\u00fcdniedersachsen, Th\u00fcringen und Nachbarkreisen im Stadtbild auftauchen. Dies entspricht leider dem Trend, dass \u201cCorona-Demonstrationen\u201c von Impfgegnern nun in die kleineren St\u00e4dte getragen werden. Es bleibt damit die Frage vor weiteren Reaktionen: Ignorieren und \u201etot laufen lassen\u201c oder sich artikulieren und \u201cklare Kante zeigen\u201c? Hier zieht jeder sicherlich sein eigenes Fazit. In einigen Wochen wird sich zeigen, was zum Erfolg f\u00fchrt. Eins ist bereits offensichtlich: \u201cDie vierte Welle rollt, Omikron hat uns im Griff, was\u00a0 t\u00e4gliche sechsstellige Neuinfiziertezahlen belegen!\u201c<\/p>\n","protected":false},"excerpt":{"rendered":"<p>Nachdem CORONA Leugner mehrere Wochen immer donnerstags den Marktplatz belagern oder mit ihren sogenannten \u201eSpazierg\u00e4ngen\u201c die Baunataler Innenstadt \u201ebev\u00f6lkert\u201c haben, hat sich vergangene Woche die Zivilgesellschaft gezeigt und zu Wort&#8230; <\/p>\n","protected":false},"author":20,"featured_media":3060,"comment_status":"closed","ping_status":"open","sticky":false,"template":"","format":"standard","meta":{"ngg_post_thumbnail":0},"categories":[1],"tags":[],"_links":{"self":[{"href":"http:\/\/gruene-lk-ks.de\/baunatal\/wp-json\/wp\/v2\/posts\/3058"}],"collection":[{"href":"http:\/\/gruene-lk-ks.de\/baunatal\/wp-json\/wp\/v2\/posts"}],"about":[{"href":"http:\/\/gruene-lk-ks.de\/baunatal\/wp-json\/wp\/v2\/types\/post"}],"author":[{"embeddable":true,"href":"http:\/\/gruene-lk-ks.de\/baunatal\/wp-json\/wp\/v2\/users\/20"}],"replies":[{"embeddable":true,"href":"http:\/\/gruene-lk-ks.de\/baunatal\/wp-json\/wp\/v2\/comments?post=3058"}],"version-history":[{"count":1,"href":"http:\/\/gruene-lk-ks.de\/baunatal\/wp-json\/wp\/v2\/posts\/3058\/revisions"}],"predecessor-version":[{"id":3061,"href":"http:\/\/gruene-lk-ks.de\/baunatal\/wp-json\/wp\/v2\/posts\/3058\/revisions\/3061"}],"wp:featuredmedia":[{"embeddable":true,"href":"http:\/\/gruene-lk-ks.de\/baunatal\/wp-json\/wp\/v2\/media\/3060"}],"wp:attachment":[{"href":"http:\/\/gruene-lk-ks.de\/baunatal\/wp-json\/wp\/v2\/media?parent=3058"}],"wp:term":[{"taxonomy":"category","embeddable":true,"href":"http:\/\/gruene-lk-ks.de\/baunatal\/wp-json\/wp\/v2\/categories?post=3058"},{"taxonomy":"post_tag","embeddable":true,"href":"http:\/\/gruene-lk-ks.de\/baunatal\/wp-json\/wp\/v2\/tags?post=3058"}],"curies":[{"name":"wp","href":"https:\/\/api.w.org\/{rel}","templated":true}]}}