{"id":3063,"date":"2022-02-10T12:14:50","date_gmt":"2022-02-10T10:14:50","guid":{"rendered":"http:\/\/gruene-lk-ks.de\/baunatal\/?p=3063"},"modified":"2022-02-10T12:14:50","modified_gmt":"2022-02-10T10:14:50","slug":"baunataler-kreistagsabgeordnete-stellen-gruene-fraktionsspitze","status":"publish","type":"post","link":"http:\/\/gruene-lk-ks.de\/baunatal\/baunataler-kreistagsabgeordnete-stellen-gruene-fraktionsspitze\/","title":{"rendered":"Baunataler Kreistagsabgeordnete stellen GR\u00dcNE Fraktionsspitze"},"content":{"rendered":"\n<p>Die Kreistagsfraktion von B\u00fcndnis 90\/Die GR\u00dcNEN w\u00e4hlte mit den beiden Baunataler*innen <strong>Dr. Thomas Gudehus<\/strong> und <strong>Juliane Kothe<\/strong> zwei gleichberechtigte Sprecher*innen als Doppelspitze. Sie l\u00f6sen damit knapp ein Jahr nach der erfolgreichen Kreistagswahl im Jahr 2021 die erfahrene Fraktionsvorsitzende und langj\u00e4hrige Kreistagsabgeordnete <strong>Monika Woizeschke-Br\u00fcck <\/strong>ab, die dieses Amt 6 Jahre mit Umsicht und hoher Professionalit\u00e4t aus\u00fcbte. &#8220;Nach 11 Jahren Kreistagsmandat und 6 Jahren als Fraktionsvorsitzende wechselt Monika in die 2. Reihe, weil sie k\u00fcrzer treten m\u00f6chte. Sie wird aber unserer Fraktion als Kreistagsabgeordnete weiterhin mit Rat und Tat zur Seite stehen, daf\u00fcr geb\u00fchrt ihr unser Dank\u201c, so der Fraktionspressesprecher <strong>Edmund Borschel <\/strong>(Baunatal).<\/p>\n\n\n\n<div class=\"wp-block-image\"><figure class=\"aligncenter size-medium\"><a class=\"fancybox\" rel=\"gallery3063\" href=\"http:\/\/gruene-lk-ks.de\/baunatal\/files\/2022\/02\/Juliane-Kothe-Foto-2021-scaled.jpg\"><img loading=\"lazy\" width=\"400\" height=\"600\" src=\"http:\/\/gruene-lk-ks.de\/baunatal\/files\/2022\/02\/Juliane-Kothe-Foto-2021-400x600.jpg\" alt=\"\" class=\"wp-image-3067\" srcset=\"http:\/\/gruene-lk-ks.de\/baunatal\/files\/2022\/02\/Juliane-Kothe-Foto-2021-400x600.jpg 400w, http:\/\/gruene-lk-ks.de\/baunatal\/files\/2022\/02\/Juliane-Kothe-Foto-2021-800x1198.jpg 800w, http:\/\/gruene-lk-ks.de\/baunatal\/files\/2022\/02\/Juliane-Kothe-Foto-2021-768x1150.jpg 768w, http:\/\/gruene-lk-ks.de\/baunatal\/files\/2022\/02\/Juliane-Kothe-Foto-2021-1025x1536.jpg 1025w, http:\/\/gruene-lk-ks.de\/baunatal\/files\/2022\/02\/Juliane-Kothe-Foto-2021-1367x2048.jpg 1367w, http:\/\/gruene-lk-ks.de\/baunatal\/files\/2022\/02\/Juliane-Kothe-Foto-2021-100x150.jpg 100w, http:\/\/gruene-lk-ks.de\/baunatal\/files\/2022\/02\/Juliane-Kothe-Foto-2021-scaled.jpg 1709w\" sizes=\"(max-width: 400px) 100vw, 400px\" \/><\/a><figcaption>Juliane Kothe &#8211; frisch gew\u00e4hlte Gr\u00fcne Kreistagsfraktionssprecherin<\/figcaption><\/figure><\/div>\n\n\n\n<p>Die beiden neugew\u00e4hlten Fraktionssprecher*innen dankten ebenfalls Monika pers\u00f6nlich und im Namen aller Fraktionsmitglieder f\u00fcr ihre langj\u00e4hrige Mandatsaus\u00fcbung, zuletzt bei den Koalitionsgespr\u00e4chen im Kreis nach der letzten Kommunalwahl. \u201cWir wollen in diesem Geist das Koalitionshandeln mit Leben f\u00fcllen, zun\u00e4chst bei den Beratungen in den kommenden Wochen f\u00fcr einen ausgeglichenen Kreishaushalt.,\u201c, so Dr. Thomas Gudehus, der vergangenes Jahr bereits bei den Koalitionsverhandlungen mit der SPD im Kreis f\u00fcr die GR\u00dcNEN Fraktion mit am Tisch sa\u00df. \u201cDies ist schon eine Herkulesaufgabe in Anbetracht der hohen Verpflichtungen u.a. bei der Digitalisierung, den anstehenden Investitionen&nbsp; in Schulgeb\u00e4ude und im Gesundheitsbereich, dort besonders im Zusammenhang mit der Neuausrichtung der beiden Kreiskliniken in Hofgeismar und Wolfhagen\u201c, erg\u00e4nzt er.<\/p>\n\n\n\n<div class=\"wp-block-image\"><figure class=\"aligncenter size-medium\"><a class=\"fancybox\" rel=\"gallery3063\" href=\"http:\/\/gruene-lk-ks.de\/baunatal\/files\/2022\/02\/Gudehus.jpg\"><img loading=\"lazy\" width=\"400\" height=\"408\" src=\"http:\/\/gruene-lk-ks.de\/baunatal\/files\/2022\/02\/Gudehus-400x408.jpg\" alt=\"\" class=\"wp-image-3068\" srcset=\"http:\/\/gruene-lk-ks.de\/baunatal\/files\/2022\/02\/Gudehus-400x408.jpg 400w, http:\/\/gruene-lk-ks.de\/baunatal\/files\/2022\/02\/Gudehus-800x815.jpg 800w, http:\/\/gruene-lk-ks.de\/baunatal\/files\/2022\/02\/Gudehus-768x783.jpg 768w, http:\/\/gruene-lk-ks.de\/baunatal\/files\/2022\/02\/Gudehus-147x150.jpg 147w, http:\/\/gruene-lk-ks.de\/baunatal\/files\/2022\/02\/Gudehus.jpg 951w\" sizes=\"(max-width: 400px) 100vw, 400px\" \/><\/a><figcaption>Thomas Gudehus &#8211; frisch gew\u00e4hlter Gr\u00fcner Kreistagsfraktionssprecher<\/figcaption><\/figure><\/div>\n\n\n\n<p>Als Vorsitzende im Umweltausschuss bearbeitet Juliane Kothe auf Kreisebene bereits lokal und regional Themen wie die Bew\u00e4ltigung der Klimakrise,&nbsp;Aufgaben beim Landschafts- und Naturschutz sowie der Landwirtschaft. \u201cHier gilt es, in enger Abstimmung mit der Verwaltung und den entsprechenden Dezernaten nachhaltige L\u00f6sungen zu finden, zum Schutz der Bev\u00f6lkerung und der Umwelt gleicherma\u00dfen\u201c, w\u00fcnscht sich die Co-Sprecherin Juliane Kothe, die f\u00fcr die GR\u00dcNEN auch als Stadtr\u00e4tin ein Mandat im Baunataler Magistrat h\u00e4lt und dort die Geschicke der Stadt mitlenkt.<\/p>\n","protected":false},"excerpt":{"rendered":"<p>Die Kreistagsfraktion von B\u00fcndnis 90\/Die GR\u00dcNEN w\u00e4hlte mit den beiden Baunataler*innen Dr. Thomas Gudehus und Juliane Kothe zwei gleichberechtigte Sprecher*innen als Doppelspitze. Sie l\u00f6sen damit knapp ein Jahr nach der&#8230; <\/p>\n","protected":false},"author":20,"featured_media":3066,"comment_status":"closed","ping_status":"open","sticky":false,"template":"","format":"standard","meta":{"ngg_post_thumbnail":0},"categories":[1],"tags":[],"_links":{"self":[{"href":"http:\/\/gruene-lk-ks.de\/baunatal\/wp-json\/wp\/v2\/posts\/3063"}],"collection":[{"href":"http:\/\/gruene-lk-ks.de\/baunatal\/wp-json\/wp\/v2\/posts"}],"about":[{"href":"http:\/\/gruene-lk-ks.de\/baunatal\/wp-json\/wp\/v2\/types\/post"}],"author":[{"embeddable":true,"href":"http:\/\/gruene-lk-ks.de\/baunatal\/wp-json\/wp\/v2\/users\/20"}],"replies":[{"embeddable":true,"href":"http:\/\/gruene-lk-ks.de\/baunatal\/wp-json\/wp\/v2\/comments?post=3063"}],"version-history":[{"count":2,"href":"http:\/\/gruene-lk-ks.de\/baunatal\/wp-json\/wp\/v2\/posts\/3063\/revisions"}],"predecessor-version":[{"id":3069,"href":"http:\/\/gruene-lk-ks.de\/baunatal\/wp-json\/wp\/v2\/posts\/3063\/revisions\/3069"}],"wp:featuredmedia":[{"embeddable":true,"href":"http:\/\/gruene-lk-ks.de\/baunatal\/wp-json\/wp\/v2\/media\/3066"}],"wp:attachment":[{"href":"http:\/\/gruene-lk-ks.de\/baunatal\/wp-json\/wp\/v2\/media?parent=3063"}],"wp:term":[{"taxonomy":"category","embeddable":true,"href":"http:\/\/gruene-lk-ks.de\/baunatal\/wp-json\/wp\/v2\/categories?post=3063"},{"taxonomy":"post_tag","embeddable":true,"href":"http:\/\/gruene-lk-ks.de\/baunatal\/wp-json\/wp\/v2\/tags?post=3063"}],"curies":[{"name":"wp","href":"https:\/\/api.w.org\/{rel}","templated":true}]}}