{"id":3071,"date":"2022-02-20T21:28:32","date_gmt":"2022-02-20T19:28:32","guid":{"rendered":"http:\/\/gruene-lk-ks.de\/baunatal\/?p=3071"},"modified":"2022-02-21T13:30:33","modified_gmt":"2022-02-21T11:30:33","slug":"mitgliedertreffen-der-baunataler-gruenen-diesmal-online","status":"publish","type":"post","link":"http:\/\/gruene-lk-ks.de\/baunatal\/mitgliedertreffen-der-baunataler-gruenen-diesmal-online\/","title":{"rendered":"Mitgliedertreffen der Baunataler GR\u00dcNEN \u2013 diesmal online!"},"content":{"rendered":"\n<p>Neue Wege gehen B\u00fcndnis 90\/Die GR\u00dcNEN&nbsp; Baunatal in Zeiten von CORONA. Da Sitzungen in Pr\u00e4senz in diesen Zeiten nur unter Auflagen und mit gro\u00dfen Einschr\u00e4nkungen m\u00f6glich sind, hat der GR\u00dcNE Ortsverband zum ersten Mal Anfang Februar zu einer <strong>Online Sitzung gemeinsam mit der Stadtverordnetenfraktion<\/strong> eingeladen. Dabei standen besonders die neuen Mitglieder im Zentrum, die in den letzten Monaten dem GR\u00dcNEN Ortsverband beigetreten sind. Eingeladen hatten <strong>Juliane Kothe<\/strong> und <strong>Lothar Rost<\/strong>, die beiden Sprecher*innen des Ortsverbands und der Fraktionsvorsitzende <strong>Edmund Borschel<\/strong>.<\/p>\n\n\n\n<p>Einer der neuen jungen Mitglieder ist <strong>Marcel Suttner,<\/strong> 27 Jahre alt, verheiratet und Vater eines Sohnes. Er kommt aus Hannover und ist nun mit seiner jungen Familie nach Baunatal-Kirchbauna gezogen, da seine Frau und ihre Familie von hier kommen. Von Beruf ist er ausgebildeter Fachangestellter f\u00fcr Medien- und Informationsdienste in der Fachrichtung Archiv. <strong>Seine Hobbies sind <\/strong>Fu\u00dfball und Sport generell, Fahrrad fahren, Lesen, Ahnenforschung. Folgende <strong>Themenschwerpunkte m\u00f6chte er nach eigenen Angaben gern in die politische Arbeit vor Ort einbringen: \u201e<\/strong>Besonders am Herzen liegen mir die Verkehrswende, die Familienpolitik, eine soziale und solidarische Gesellschaft, sowie eine lebendige Sport- und Kulturpolitik.\u201c \u201cAuf&nbsp; Marcels Ideen und seine k\u00fcnftige Mitarbeit in Baunatal freuen wir uns und hei\u00dfen ihn in der weiter wachsenden Mitgliedschaft des GR\u00dcNEN Ortsverbands Baunatal herzlich willkommen\u201c, so der Fraktionsvorsitzende Edmund Borschel.<\/p>\n\n\n\n<figure class=\"wp-block-image size-medium is-resized\"><a class=\"fancybox\" rel=\"gallery3071\" href=\"http:\/\/gruene-lk-ks.de\/baunatal\/files\/2022\/02\/Marcel.jpg\"><img loading=\"lazy\" src=\"http:\/\/gruene-lk-ks.de\/baunatal\/files\/2022\/02\/Marcel-338x600.jpg\" alt=\"\" class=\"wp-image-3075\" width=\"254\" height=\"450\" srcset=\"http:\/\/gruene-lk-ks.de\/baunatal\/files\/2022\/02\/Marcel-338x600.jpg 338w, http:\/\/gruene-lk-ks.de\/baunatal\/files\/2022\/02\/Marcel-768x1365.jpg 768w, http:\/\/gruene-lk-ks.de\/baunatal\/files\/2022\/02\/Marcel-84x150.jpg 84w\" sizes=\"(max-width: 254px) 100vw, 254px\" \/><\/a><\/figure>\n\n\n\n<p>Nebendem pers\u00f6nlichen Kennenlernen standen nat\u00fcrlich auch Themen im Mittelpunkt. Kommt das kommunale Wahlrecht ab 16 bald in Hessen? &#8211; Wie k\u00f6nnen sich Jugendliche in das \u201cJunge Forum Baunatal\u201c einbringen und politisch engagieren? Zu diesen Komplexen gibt es aktuell einen GR\u00dcNEN Antrag sowie Er\u00f6rterungen in den Aussch\u00fcssen und der n\u00e4chsten Stadtverordnetenversammlung dazu. Auch die aktuellen Probleme in den Kindertagesst\u00e4tten besch\u00e4ftigen nat\u00fcrlich die jungen Eltern, besonders wenn sie oder die Kinder betroffen sind. Einen ausf\u00fchrlicheren Bericht dieses Treffens gibt es in der kommenden BN. Nat\u00fcrlich freuen wir uns auch \u00fcber weiter neue Mitglieder*innen in unserer Runde. Meldet Euch einfach!<\/p>\n","protected":false},"excerpt":{"rendered":"<p>Neue Wege gehen B\u00fcndnis 90\/Die GR\u00dcNEN&nbsp; Baunatal in Zeiten von CORONA. Da Sitzungen in Pr\u00e4senz in diesen Zeiten nur unter Auflagen und mit gro\u00dfen Einschr\u00e4nkungen m\u00f6glich sind, hat der GR\u00dcNE&#8230; <\/p>\n","protected":false},"author":20,"featured_media":3072,"comment_status":"closed","ping_status":"open","sticky":false,"template":"","format":"standard","meta":{"ngg_post_thumbnail":0},"categories":[1],"tags":[],"_links":{"self":[{"href":"http:\/\/gruene-lk-ks.de\/baunatal\/wp-json\/wp\/v2\/posts\/3071"}],"collection":[{"href":"http:\/\/gruene-lk-ks.de\/baunatal\/wp-json\/wp\/v2\/posts"}],"about":[{"href":"http:\/\/gruene-lk-ks.de\/baunatal\/wp-json\/wp\/v2\/types\/post"}],"author":[{"embeddable":true,"href":"http:\/\/gruene-lk-ks.de\/baunatal\/wp-json\/wp\/v2\/users\/20"}],"replies":[{"embeddable":true,"href":"http:\/\/gruene-lk-ks.de\/baunatal\/wp-json\/wp\/v2\/comments?post=3071"}],"version-history":[{"count":3,"href":"http:\/\/gruene-lk-ks.de\/baunatal\/wp-json\/wp\/v2\/posts\/3071\/revisions"}],"predecessor-version":[{"id":3076,"href":"http:\/\/gruene-lk-ks.de\/baunatal\/wp-json\/wp\/v2\/posts\/3071\/revisions\/3076"}],"wp:featuredmedia":[{"embeddable":true,"href":"http:\/\/gruene-lk-ks.de\/baunatal\/wp-json\/wp\/v2\/media\/3072"}],"wp:attachment":[{"href":"http:\/\/gruene-lk-ks.de\/baunatal\/wp-json\/wp\/v2\/media?parent=3071"}],"wp:term":[{"taxonomy":"category","embeddable":true,"href":"http:\/\/gruene-lk-ks.de\/baunatal\/wp-json\/wp\/v2\/categories?post=3071"},{"taxonomy":"post_tag","embeddable":true,"href":"http:\/\/gruene-lk-ks.de\/baunatal\/wp-json\/wp\/v2\/tags?post=3071"}],"curies":[{"name":"wp","href":"https:\/\/api.w.org\/{rel}","templated":true}]}}