{"id":3078,"date":"2022-03-09T18:59:48","date_gmt":"2022-03-09T16:59:48","guid":{"rendered":"http:\/\/gruene-lk-ks.de\/baunatal\/?p=3078"},"modified":"2022-03-09T19:04:30","modified_gmt":"2022-03-09T17:04:30","slug":"ankuendigung-einer-friedenskundgebung-in-baunatal","status":"publish","type":"post","link":"http:\/\/gruene-lk-ks.de\/baunatal\/ankuendigung-einer-friedenskundgebung-in-baunatal\/","title":{"rendered":"Ank\u00fcndigung einer Friedenskundgebung in Baunatal"},"content":{"rendered":"\n<p>Nachdem bereits in zahlreichen St\u00e4dten Hessens Friedenskundgebungen stattgefunden haben, findet am kommenden Samstag die erste dieser Art auch in Baunatal statt.<\/p>\n\n\n\n<p>Wir werben an dieser Stelle zur Teilnahme an der <strong>Friedenskundgebung in Baunatal am\u00a0 Samstag, 12.03.22, um 12 Uhr auf dem Marktplatz unter dem Motto \u201eFrieden und Solidarit\u00e4t mit den Menschen in der Ukraine\u201c,<\/strong> organisiert von der Stadt Baunatal und dem Stadtmarketing. Unser Mitgef\u00fchl gilt schon jetzt allen Opfern in diesem unsinnigen Krieg mitten in Europa, vor allem in der Zivilbev\u00f6lkerung, wenn Frauen und Kinder bei den russischen Raketenangriffen auf Wohnh\u00e4user, aber auch auf Krankenh\u00e4user und Schulen sinnlos und wahllos get\u00f6tet werden. N\u00e4here Einzelheiten zur Friedenskundgebung sind auf dem <a href=\"https:\/\/baunatal.blog\/baunatal-ist-solidarisch-mit-der-ukraine\/\" target=\"_blank\" rel=\"noreferrer noopener\">Baunatal-Blog<\/a> zu finden. Kommt bitte zahlreich und zeigt damit Eure Anteilnahme und Solidarit\u00e4t.<\/p>\n","protected":false},"excerpt":{"rendered":"<p>Nachdem bereits in zahlreichen St\u00e4dten Hessens Friedenskundgebungen stattgefunden haben, findet am kommenden Samstag die erste dieser Art auch in Baunatal statt. Wir werben an dieser Stelle zur Teilnahme an der&#8230; <\/p>\n","protected":false},"author":20,"featured_media":3060,"comment_status":"closed","ping_status":"open","sticky":false,"template":"","format":"standard","meta":{"ngg_post_thumbnail":0},"categories":[1],"tags":[],"_links":{"self":[{"href":"http:\/\/gruene-lk-ks.de\/baunatal\/wp-json\/wp\/v2\/posts\/3078"}],"collection":[{"href":"http:\/\/gruene-lk-ks.de\/baunatal\/wp-json\/wp\/v2\/posts"}],"about":[{"href":"http:\/\/gruene-lk-ks.de\/baunatal\/wp-json\/wp\/v2\/types\/post"}],"author":[{"embeddable":true,"href":"http:\/\/gruene-lk-ks.de\/baunatal\/wp-json\/wp\/v2\/users\/20"}],"replies":[{"embeddable":true,"href":"http:\/\/gruene-lk-ks.de\/baunatal\/wp-json\/wp\/v2\/comments?post=3078"}],"version-history":[{"count":3,"href":"http:\/\/gruene-lk-ks.de\/baunatal\/wp-json\/wp\/v2\/posts\/3078\/revisions"}],"predecessor-version":[{"id":3081,"href":"http:\/\/gruene-lk-ks.de\/baunatal\/wp-json\/wp\/v2\/posts\/3078\/revisions\/3081"}],"wp:featuredmedia":[{"embeddable":true,"href":"http:\/\/gruene-lk-ks.de\/baunatal\/wp-json\/wp\/v2\/media\/3060"}],"wp:attachment":[{"href":"http:\/\/gruene-lk-ks.de\/baunatal\/wp-json\/wp\/v2\/media?parent=3078"}],"wp:term":[{"taxonomy":"category","embeddable":true,"href":"http:\/\/gruene-lk-ks.de\/baunatal\/wp-json\/wp\/v2\/categories?post=3078"},{"taxonomy":"post_tag","embeddable":true,"href":"http:\/\/gruene-lk-ks.de\/baunatal\/wp-json\/wp\/v2\/tags?post=3078"}],"curies":[{"name":"wp","href":"https:\/\/api.w.org\/{rel}","templated":true}]}}