{"id":310,"date":"2015-09-22T13:43:06","date_gmt":"2015-09-22T11:43:06","guid":{"rendered":"http:\/\/gruene-lk-ks.de\/baunatal\/?p=310"},"modified":"2015-09-22T13:43:21","modified_gmt":"2015-09-22T11:43:21","slug":"310","status":"publish","type":"post","link":"http:\/\/gruene-lk-ks.de\/baunatal\/310\/","title":{"rendered":"GR\u00dcNEs Sommerfest vom Landkreis Kassel im Ahnepark Vellmar"},"content":{"rendered":"<p style=\"text-align: right\">B\u00fcndnis90\/GR\u00dcNE Vellmar, 20.09.2015<\/p>\n<p>Pressemitteilung<\/p>\n<p><b>GR\u00dcNEs Sommerfest vom Landkreis Kassel im Ahnepark Vellmar<\/b><\/p>\n<p><b>Zu Bio-Bratwurst und Bier, Fair-Trade Kaffee und selbstgebackenen Kuchen luden die beiden Ortsverb\u00e4nde von B\u00fcndnis 90\/GR\u00dcNEN Ahnatal und Vellmar die B\u00fcrgerinnen und B\u00fcrger am Sonntagnachmittag in den Vellmarer Ahnepark. Unter mehr als 200 G\u00e4sten, darunter viele Kinder, konnte der Vorsitzende der Vellmarer GR\u00dcNEN, Siegfried Kopperschmidt auch zahlreiche GR\u00dcNE aus Baunatal begr\u00fc\u00dfen. \u00a0<\/b><\/p>\n<p>Der reichlich gr\u00fcn geschm\u00fcckte Kastanienhof bot zahlreiche M\u00f6glichkeiten, sich mit\u00a0 Kommunalpolitikern\/innen der GR\u00dcNEN aus einer Vielzahl von Kreiskommunen auszutauschen. Vielf\u00e4ltig angebotene K\u00f6stlichkeiten aus der Region konnten probiert und die\u00a0 musikalischen Kl\u00e4nge der<b> nordhessischen Liedermacherin Nicole Jukic<\/b> genossen werden.<\/p>\n<p>F\u00fcr einen Einblick in die Berliner Politik sorgte der Ehrengast der Veranstaltung, die nordhessische <b>GR\u00dcNE Bundestagsabgeordnete Nicole Maisch.<\/b> Sie machte in ihrem Gru\u00dfwort deutlich, dass die GR\u00dcNEN an der Seite der vielen ehrenamtlichen Helfer st\u00fcnden, die derzeit Tag und Nacht bei der Bew\u00e4ltigung der Fl\u00fcchtlingskrise anpacken w\u00fcrden und mit viel Herz die Fl\u00fcchtlinge unterst\u00fctzten. Kriminellen, die Asylunterk\u00fcnfte in Brand steckten, sei mit Entschiedenheit entgegenzutreten, von der europ\u00e4ischen Politik erwarte sie mehr Anstrengung bei der Bek\u00e4mpfung der Fluchtursachen.<\/p>\n<div id=\"attachment_311\" class=\"wp-caption aligncenter\" style=\"width: 783px\"><a class=\"fancybox\" rel=\"gallery310\" href=\"http:\/\/gruene-lk-ks.de\/baunatal\/files\/2015\/09\/2015_GRUENE_Sommerfest-Vellmar_09-13-004.jpg\"><img loading=\"lazy\" class=\"size-large wp-image-311\" src=\"http:\/\/gruene-lk-ks.de\/baunatal\/files\/2015\/09\/2015_GRUENE_Sommerfest-Vellmar_09-13-004-800x533.jpg\" alt=\"GR\u00dcNE Baunatal genie\u00dfen mit Freunden das Sommerfest in Vellmar\" width=\"783\" height=\"522\" srcset=\"http:\/\/gruene-lk-ks.de\/baunatal\/files\/2015\/09\/2015_GRUENE_Sommerfest-Vellmar_09-13-004-800x533.jpg 800w, http:\/\/gruene-lk-ks.de\/baunatal\/files\/2015\/09\/2015_GRUENE_Sommerfest-Vellmar_09-13-004-400x267.jpg 400w, http:\/\/gruene-lk-ks.de\/baunatal\/files\/2015\/09\/2015_GRUENE_Sommerfest-Vellmar_09-13-004-150x100.jpg 150w\" sizes=\"(max-width: 783px) 100vw, 783px\" \/><\/a><p class=\"wp-caption-text\">GR\u00dcNE Baunatal genie\u00dfen mit Freunden das Sommerfest in Vellmar<\/p><\/div>\n<p>Trotz des ernsten Themas kam die gute Laune nicht zu kurz, insbesondere weil die vielen gro\u00dfen und kleinen Preise der Tombola f\u00fcr Erheiterung und echte Freude bei den Gewinnern sorgten. Und Gewinner waren an diesem Tag nicht nur die Tombolateilnehmer, sondern alle G\u00e4ste und die Veranstalter, die gemeinsam den vereinzelten Regenschauern trotzten und f\u00fcr eine gute Stimmung und ein gelungenes Sommerfest sorgten.<\/p>\n","protected":false},"excerpt":{"rendered":"<p>B\u00fcndnis90\/GR\u00dcNE Vellmar, 20.09.2015 Pressemitteilung GR\u00dcNEs Sommerfest vom Landkreis Kassel im Ahnepark Vellmar Zu Bio-Bratwurst und Bier, Fair-Trade Kaffee und selbstgebackenen Kuchen luden die beiden Ortsverb\u00e4nde von B\u00fcndnis 90\/GR\u00dcNEN Ahnatal und&#8230; <\/p>\n","protected":false},"author":6,"featured_media":0,"comment_status":"open","ping_status":"open","sticky":false,"template":"","format":"standard","meta":{"ngg_post_thumbnail":0},"categories":[1],"tags":[],"_links":{"self":[{"href":"http:\/\/gruene-lk-ks.de\/baunatal\/wp-json\/wp\/v2\/posts\/310"}],"collection":[{"href":"http:\/\/gruene-lk-ks.de\/baunatal\/wp-json\/wp\/v2\/posts"}],"about":[{"href":"http:\/\/gruene-lk-ks.de\/baunatal\/wp-json\/wp\/v2\/types\/post"}],"author":[{"embeddable":true,"href":"http:\/\/gruene-lk-ks.de\/baunatal\/wp-json\/wp\/v2\/users\/6"}],"replies":[{"embeddable":true,"href":"http:\/\/gruene-lk-ks.de\/baunatal\/wp-json\/wp\/v2\/comments?post=310"}],"version-history":[{"count":2,"href":"http:\/\/gruene-lk-ks.de\/baunatal\/wp-json\/wp\/v2\/posts\/310\/revisions"}],"predecessor-version":[{"id":313,"href":"http:\/\/gruene-lk-ks.de\/baunatal\/wp-json\/wp\/v2\/posts\/310\/revisions\/313"}],"wp:attachment":[{"href":"http:\/\/gruene-lk-ks.de\/baunatal\/wp-json\/wp\/v2\/media?parent=310"}],"wp:term":[{"taxonomy":"category","embeddable":true,"href":"http:\/\/gruene-lk-ks.de\/baunatal\/wp-json\/wp\/v2\/categories?post=310"},{"taxonomy":"post_tag","embeddable":true,"href":"http:\/\/gruene-lk-ks.de\/baunatal\/wp-json\/wp\/v2\/tags?post=310"}],"curies":[{"name":"wp","href":"https:\/\/api.w.org\/{rel}","templated":true}]}}