{"id":3105,"date":"2022-03-28T12:24:46","date_gmt":"2022-03-28T10:24:46","guid":{"rendered":"http:\/\/gruene-lk-ks.de\/baunatal\/?p=3105"},"modified":"2022-03-28T12:24:46","modified_gmt":"2022-03-28T10:24:46","slug":"bericht-zur-oeffentlichen-gruenen-fraktionssitzung","status":"publish","type":"post","link":"http:\/\/gruene-lk-ks.de\/baunatal\/bericht-zur-oeffentlichen-gruenen-fraktionssitzung\/","title":{"rendered":"Bericht zur \u00f6ffentlichen GR\u00dcNEN \u2013 Fraktionssitzung"},"content":{"rendered":"\n<p>Die GR\u00dcNE Stadtverordnete Damaris M\u00fcller hatte im Namen der GR\u00dcNEN Fraktion zu einer <strong>Online-Videokonferenz mit dem Gesamtelternbeirat<\/strong> der st\u00e4dtischen Kindertagesst\u00e4tten eingeladen, um Themen von gemeinsamem Interesse zu besprechen.&nbsp; Es wurde nicht nur die seit Jahren angespannte Stellensituation angesprochen,&nbsp; die Elternvertreterinnen berichteten auch, dass die Abdeckung mit Stellen von Kita zu Kita sehr unterschiedlich ist. Dadurch konnten Betreuungszeiten teilweise nicht komplett abgedeckt werden, was dann v.a. Eltern betrifft, die ihre Kinder in den Randzeiten angemeldet haben.&nbsp; Durch Zuz\u00fcge und geburtenstarke Jahrg\u00e4nge gab es Neuer\u00f6ffnungen von Gruppen, welche zus\u00e4tzlichen Personalbedarf mit sich bringen.&nbsp; Fehlende Einrichtungsgegenst\u00e4nde f\u00fchrten ebenfalls zu Verz\u00f6gerungen, wie bei der neuen U3-Einrichtung K\u00e4the-Kollwitz. Sorgen und Probleme bereitete vor einigen Wochen den betroffenen Eltern ebenfalls die coronabedingte Schlie\u00dfung verschiedener Einrichtungen oder Schlie\u00dfung einzelner Gruppen. Positiv gesehen wird seitens der Eltern, dass der Gesamtelternbeirat jetzt regelm\u00e4\u00dfig im Gespr\u00e4ch mit der B\u00fcrgermeisterin ist.<\/p>\n\n\n\n<p>Am Ende des konstruktiven Gedankenaustausches wurden von den GR\u00dcNEN noch einige zielf\u00fchrende Anregungen gegeben. So schlug der Fraktionsvorsitzende Edmund Borschel vor, verst\u00e4rkt Personalakquise \u00fcber das Jobcenter zu betreiben, auch \u00fcber F\u00f6rderprogramme der Europ\u00e4ischen Union. Zus\u00e4tzliche Praktikant*innen k\u00f6nnten zur Unterst\u00fctzung eingesetzt werden, z.B. \u00fcber das \u201eFreiwillige Soziale Jahr\u201c. Sie sollen aber nicht Fachkr\u00e4fte ersetzen wegen der Bef\u00fcrchtung, dass es zu \u00dcberforderungssituationen kommt. Weiterhin entstanden Ideen, wie die Attraktivit\u00e4t des Kita-Angebots gesteigert werden k\u00f6nnte. Eine Waldkita w\u00e4re ein m\u00f6glicher Schwerpunkt. &nbsp;Aus den Reihen der Fraktion kam auch der Wunsch in den Gesamtelternbeirat auch die Vertreter*innen der freien Tr\u00e4ger mit aufzunehmen.<\/p>\n","protected":false},"excerpt":{"rendered":"<p>Die GR\u00dcNE Stadtverordnete Damaris M\u00fcller hatte im Namen der GR\u00dcNEN Fraktion zu einer Online-Videokonferenz mit dem Gesamtelternbeirat der st\u00e4dtischen Kindertagesst\u00e4tten eingeladen, um Themen von gemeinsamem Interesse zu besprechen.&nbsp; Es wurde&#8230; <\/p>\n","protected":false},"author":20,"featured_media":3106,"comment_status":"closed","ping_status":"open","sticky":false,"template":"","format":"standard","meta":{"ngg_post_thumbnail":0},"categories":[1],"tags":[],"_links":{"self":[{"href":"http:\/\/gruene-lk-ks.de\/baunatal\/wp-json\/wp\/v2\/posts\/3105"}],"collection":[{"href":"http:\/\/gruene-lk-ks.de\/baunatal\/wp-json\/wp\/v2\/posts"}],"about":[{"href":"http:\/\/gruene-lk-ks.de\/baunatal\/wp-json\/wp\/v2\/types\/post"}],"author":[{"embeddable":true,"href":"http:\/\/gruene-lk-ks.de\/baunatal\/wp-json\/wp\/v2\/users\/20"}],"replies":[{"embeddable":true,"href":"http:\/\/gruene-lk-ks.de\/baunatal\/wp-json\/wp\/v2\/comments?post=3105"}],"version-history":[{"count":1,"href":"http:\/\/gruene-lk-ks.de\/baunatal\/wp-json\/wp\/v2\/posts\/3105\/revisions"}],"predecessor-version":[{"id":3107,"href":"http:\/\/gruene-lk-ks.de\/baunatal\/wp-json\/wp\/v2\/posts\/3105\/revisions\/3107"}],"wp:featuredmedia":[{"embeddable":true,"href":"http:\/\/gruene-lk-ks.de\/baunatal\/wp-json\/wp\/v2\/media\/3106"}],"wp:attachment":[{"href":"http:\/\/gruene-lk-ks.de\/baunatal\/wp-json\/wp\/v2\/media?parent=3105"}],"wp:term":[{"taxonomy":"category","embeddable":true,"href":"http:\/\/gruene-lk-ks.de\/baunatal\/wp-json\/wp\/v2\/categories?post=3105"},{"taxonomy":"post_tag","embeddable":true,"href":"http:\/\/gruene-lk-ks.de\/baunatal\/wp-json\/wp\/v2\/tags?post=3105"}],"curies":[{"name":"wp","href":"https:\/\/api.w.org\/{rel}","templated":true}]}}