{"id":3108,"date":"2022-03-28T12:31:11","date_gmt":"2022-03-28T10:31:11","guid":{"rendered":"http:\/\/gruene-lk-ks.de\/baunatal\/?p=3108"},"modified":"2022-03-28T12:31:11","modified_gmt":"2022-03-28T10:31:11","slug":"terre-des-hommes-fahrradboerse-zugunsten-ukraine-gefluechteter","status":"publish","type":"post","link":"http:\/\/gruene-lk-ks.de\/baunatal\/terre-des-hommes-fahrradboerse-zugunsten-ukraine-gefluechteter\/","title":{"rendered":"Terre des hommes-Fahrradb\u00f6rse zugunsten Ukraine-Gefl\u00fcchteter"},"content":{"rendered":"\n<p>Die GR\u00dcNEN Baunatal laden alle Fahrrad-Freunde und Eltern von radelnden Kindern und Jugendlichen zur diesj\u00e4hrigen <strong>Fahrrad-B\u00f6rse <\/strong>von Uschka John, der regionalen ehrenamtlich t\u00e4tigen Repr\u00e4sentantin von terre des hommes (tdh) <strong>am Sonntag, 03.04.2022 ins Elgerhaus nach Schauenburg-Elgershausen<\/strong> ein. Diese Fahrrad-B\u00f6rse, mit einem breiten Angebot an gebrauchten Fahrr\u00e4dern zu g\u00fcnstigen Preisen, wird seit mehr als einem Jahrzehnt von den GR\u00dcNEN Baunatal ideell und ehrenamtlich unterst\u00fctzt, weil durch die Einnahmen weltweit soziale Projekte von tdh f\u00fcr die \u00c4rmsten der Armen und besonders Stra\u00dfenkinder in der sogenannten \u201eDritten Welt\u201c finanziert werden. Aufgrund der aktuellen dramatischen Umst\u00e4nde im Kriegsgebiet der Ukraine gehen die Einnahmen der B\u00f6rse in diesem Jahr zu 100 % f\u00fcr Hilfsprojekte in dieser Region.<\/p>\n\n\n\n<p>N\u00e4here Details zur Annahme und dem Verkauf der Fahrr\u00e4der bitte dem Flyer entnehmen.<\/p>\n\n\n\n<figure class=\"wp-block-image size-large\"><a class=\"fancybox\" rel=\"gallery3108\" href=\"http:\/\/gruene-lk-ks.de\/baunatal\/files\/2022\/03\/Flyer-Fahrradboerse.jpg\"><img loading=\"lazy\" width=\"537\" height=\"757\" src=\"http:\/\/gruene-lk-ks.de\/baunatal\/files\/2022\/03\/Flyer-Fahrradboerse.jpg\" alt=\"\" class=\"wp-image-3110\" srcset=\"http:\/\/gruene-lk-ks.de\/baunatal\/files\/2022\/03\/Flyer-Fahrradboerse.jpg 537w, http:\/\/gruene-lk-ks.de\/baunatal\/files\/2022\/03\/Flyer-Fahrradboerse-400x564.jpg 400w, http:\/\/gruene-lk-ks.de\/baunatal\/files\/2022\/03\/Flyer-Fahrradboerse-106x150.jpg 106w\" sizes=\"(max-width: 537px) 100vw, 537px\" \/><\/a><\/figure>\n","protected":false},"excerpt":{"rendered":"<p>Die GR\u00dcNEN Baunatal laden alle Fahrrad-Freunde und Eltern von radelnden Kindern und Jugendlichen zur diesj\u00e4hrigen Fahrrad-B\u00f6rse von Uschka John, der regionalen ehrenamtlich t\u00e4tigen Repr\u00e4sentantin von terre des hommes (tdh) am&#8230; <\/p>\n","protected":false},"author":20,"featured_media":3109,"comment_status":"closed","ping_status":"open","sticky":false,"template":"","format":"standard","meta":{"ngg_post_thumbnail":0},"categories":[1],"tags":[],"_links":{"self":[{"href":"http:\/\/gruene-lk-ks.de\/baunatal\/wp-json\/wp\/v2\/posts\/3108"}],"collection":[{"href":"http:\/\/gruene-lk-ks.de\/baunatal\/wp-json\/wp\/v2\/posts"}],"about":[{"href":"http:\/\/gruene-lk-ks.de\/baunatal\/wp-json\/wp\/v2\/types\/post"}],"author":[{"embeddable":true,"href":"http:\/\/gruene-lk-ks.de\/baunatal\/wp-json\/wp\/v2\/users\/20"}],"replies":[{"embeddable":true,"href":"http:\/\/gruene-lk-ks.de\/baunatal\/wp-json\/wp\/v2\/comments?post=3108"}],"version-history":[{"count":1,"href":"http:\/\/gruene-lk-ks.de\/baunatal\/wp-json\/wp\/v2\/posts\/3108\/revisions"}],"predecessor-version":[{"id":3111,"href":"http:\/\/gruene-lk-ks.de\/baunatal\/wp-json\/wp\/v2\/posts\/3108\/revisions\/3111"}],"wp:featuredmedia":[{"embeddable":true,"href":"http:\/\/gruene-lk-ks.de\/baunatal\/wp-json\/wp\/v2\/media\/3109"}],"wp:attachment":[{"href":"http:\/\/gruene-lk-ks.de\/baunatal\/wp-json\/wp\/v2\/media?parent=3108"}],"wp:term":[{"taxonomy":"category","embeddable":true,"href":"http:\/\/gruene-lk-ks.de\/baunatal\/wp-json\/wp\/v2\/categories?post=3108"},{"taxonomy":"post_tag","embeddable":true,"href":"http:\/\/gruene-lk-ks.de\/baunatal\/wp-json\/wp\/v2\/tags?post=3108"}],"curies":[{"name":"wp","href":"https:\/\/api.w.org\/{rel}","templated":true}]}}