{"id":3120,"date":"2022-04-14T15:44:54","date_gmt":"2022-04-14T13:44:54","guid":{"rendered":"http:\/\/gruene-lk-ks.de\/baunatal\/?p=3120"},"modified":"2022-04-18T19:41:53","modified_gmt":"2022-04-18T17:41:53","slug":"gruene-landtagstour-soziales-hessen-besucht-baunatal","status":"publish","type":"post","link":"http:\/\/gruene-lk-ks.de\/baunatal\/gruene-landtagstour-soziales-hessen-besucht-baunatal\/","title":{"rendered":"GR\u00dcNE Landtagstour \u201eSoziales Hessen\u201c besucht Baunatal"},"content":{"rendered":"\n<p>Im Rahmen der hessenweiten Tour unter dem Motto &#8220;Soziales Hessen&#8221; besuchten vergangene Woche zwei Abgeordnete der Gr\u00fcnen Landtagsfraktion und Mitglieder des&nbsp; Ausschusses f\u00fcr Soziales und Integration verschiedene Einrichtungen u.a. in Kassel und Baunatal. Hierbei fiel auf Einladung der GR\u00dcNEN Baunatal die Wahl auch auf die Georg-August-Zinn (GAZ)\/Europaschule in Kassel-Oberzwehren und den KSV Baunatal mit seinem Sportcampus im bdks-Komplex in Altenbauna. Mit gro\u00dfem Interesse folgten bei der ersten Station am Nachmittag die GR\u00dcNEN Landtagsabgeordneten <strong>Silvia Br\u00fcnnel,<\/strong> Sprecherin f\u00fcr Frauen, Inklusion, Familie und politische Bildung sowie ihr Kollege <strong>Felix Martin<\/strong>, Sprecher f\u00fcr Jugend, Ausbildung, Arbeitsmarkt, Antidiskriminierung den Ausf\u00fchrungen des <strong>GAZ-Schulleiters Dominik Becker<\/strong>, der das Programm seiner Schule in einer Gespr\u00e4chsrunde vorstellte, an der auch der Baunataler GR\u00dcNE Fraktionsvorsitzende <strong>Edmund Borschel <\/strong>teilnahm. Aktuell ist die Expertise der Schule gefragt, bei der Aufnahme ukrainischer Sch\u00fcler*innen in sogenannten Intensivklassen, mit verst\u00e4rktem Deutschunterricht. Beeindruckend, dass bereits nach der zweiten Kriegswoche ein M\u00fctterstammtisch mit Kinderbetreuung an der GAZ f\u00fcr Kriegsfl\u00fcchtlinge aus der Ukraine angeboten und rege angenommen wurde. Mehrere russischsprachige Kolleg*innen an der Europaschule sind ein gro\u00dfer Gewinn bei der Beschulung dieser Sch\u00fcler*innen in mindestens 2 weiteren IK-Klassen, gemischt mit zahlreichen Nationalit\u00e4ten u.a. aus Afrika und Asien. Deshalb spricht der Schulleiter inzwischen gern auch von der GAZ als \u201cWeltschule\u201c.<\/p>\n\n\n\n<figure class=\"wp-block-image size-large\"><a class=\"fancybox\" rel=\"gallery3120\" href=\"http:\/\/gruene-lk-ks.de\/baunatal\/files\/2022\/04\/IMG_7169-scaled.jpg\"><img loading=\"lazy\" width=\"2560\" height=\"1708\" src=\"http:\/\/gruene-lk-ks.de\/baunatal\/files\/2022\/04\/IMG_7169-edited-scaled.jpg\" alt=\"\" class=\"wp-image-3123\" srcset=\"http:\/\/gruene-lk-ks.de\/baunatal\/files\/2022\/04\/IMG_7169-edited-scaled.jpg 2560w, http:\/\/gruene-lk-ks.de\/baunatal\/files\/2022\/04\/IMG_7169-edited-400x267.jpg 400w, http:\/\/gruene-lk-ks.de\/baunatal\/files\/2022\/04\/IMG_7169-edited-800x534.jpg 800w, http:\/\/gruene-lk-ks.de\/baunatal\/files\/2022\/04\/IMG_7169-edited-768x513.jpg 768w, http:\/\/gruene-lk-ks.de\/baunatal\/files\/2022\/04\/IMG_7169-edited-1536x1025.jpg 1536w, http:\/\/gruene-lk-ks.de\/baunatal\/files\/2022\/04\/IMG_7169-edited-2048x1367.jpg 2048w, http:\/\/gruene-lk-ks.de\/baunatal\/files\/2022\/04\/IMG_7169-edited-150x100.jpg 150w\" sizes=\"(max-width: 2560px) 100vw, 2560px\" \/><\/a><figcaption>Dominik Becker (v.l.), Silvia Br\u00fcnnel und Felix Martin vor dem Langbau der GAZ<\/figcaption><\/figure>\n\n\n\n<p><strong>Herzlicher Empfang in der KSV-Sportwelt und dem Sportcampus<\/strong><\/p>\n\n\n\n<p>Nach beeindruckenden Informationen zu dieser einmaligen Schule im Kasseler S\u00fcden ging es weiter nach Baunatal. Begr\u00fc\u00dft wurde die GR\u00dcNE Delegation, inzwischen erweitert durch <strong>Susanne Regier<\/strong>, Kreisvorstandsprecherin der GR\u00dcNEN Kassel-Land, <strong>Tobias Marczykowski<\/strong> (Kreisgesch\u00e4ftsf\u00fchrer) und <strong>Lothar Rost (<\/strong>Baunataler Vorstand), von <strong>Friedrich Heintzemann<\/strong> vom Vorstand des KSV-Baunatal. Nach einer kurzen F\u00fchrung durch die R\u00e4umlichkeiten der KSV-Sportwelt, bei der die Vielfalt der Angebote, u.a. Kinderturnen, REHA-Sport, Fitnessstudio vorgestellt wurden, gab es im Konferenzraum noch einen informativen Gedankenaustausch zur Struktur und Philosophie des gr\u00f6\u00dften Sportvereins in Nordhessen mit ca. 7.000 Mitgliedern. Dabei wurde auch die schwierige finanzielle Situation angesprochen, durch tw. erheblichen Mitgliederschwund in manchen Abteilungen w\u00e4hrend der CORONA-Pandemie.\u00a0 Highlight im kommenden Jahr werden die \u201eSpecial-Olympics\u201c sein, um die sich der Verein in Kooperation mit der Stadt als Austragungsort beworben haben. Das leitete dann \u00fcber zum Besuch des 2. Standorts des Vereins: dem KSV-Sportcampus. Dort erhielten die GR\u00dcNEN G\u00e4ste durch <strong>Gerrit Jungk vom Vorstand der bdks<\/strong> einen fundierten \u00dcberblick \u00fcber die breitgef\u00e4cherte Arbeit der bdks als Sozialeinrichtung bei der Betreuung von Menschen mit Einschr\u00e4nkungen. Arbeitgeber zu sein f\u00fcr Menschen auf dem Zweiten Arbeitsmarkt, Hilfen anzubieten bei der \u00dcberf\u00fchrung in den Ersten Arbeitsmarkt, Betreuung von beeintr\u00e4chtigten Menschen in verschiedenen Wohnformen aber auch Kontakte zu Unternehmen wie z.B. VW herzustellen, um niederschwellige Arbeitsauftr\u00e4ge f\u00fcr die Baunataler Werkst\u00e4tten zu generieren. Aktuell freut sich der Verein aus alten Jeans jetzt in der bdks-Schneiderei Umh\u00e4ngetaschen f\u00fcr die documenta herzustellen, die mit deren logo auf der diesj\u00e4hrigen Weltkunstausstellung in Kassel verkauft werden. Eine \u201cWin-Win-Situation\u201c f\u00fcr beide Partner. <\/p>\n","protected":false},"excerpt":{"rendered":"<p>Im Rahmen der hessenweiten Tour unter dem Motto &#8220;Soziales Hessen&#8221; besuchten vergangene Woche zwei Abgeordnete der Gr\u00fcnen Landtagsfraktion und Mitglieder des&nbsp; Ausschusses f\u00fcr Soziales und Integration verschiedene Einrichtungen u.a. in&#8230; <\/p>\n","protected":false},"author":20,"featured_media":3121,"comment_status":"closed","ping_status":"open","sticky":false,"template":"","format":"standard","meta":{"ngg_post_thumbnail":0},"categories":[1],"tags":[],"_links":{"self":[{"href":"http:\/\/gruene-lk-ks.de\/baunatal\/wp-json\/wp\/v2\/posts\/3120"}],"collection":[{"href":"http:\/\/gruene-lk-ks.de\/baunatal\/wp-json\/wp\/v2\/posts"}],"about":[{"href":"http:\/\/gruene-lk-ks.de\/baunatal\/wp-json\/wp\/v2\/types\/post"}],"author":[{"embeddable":true,"href":"http:\/\/gruene-lk-ks.de\/baunatal\/wp-json\/wp\/v2\/users\/20"}],"replies":[{"embeddable":true,"href":"http:\/\/gruene-lk-ks.de\/baunatal\/wp-json\/wp\/v2\/comments?post=3120"}],"version-history":[{"count":2,"href":"http:\/\/gruene-lk-ks.de\/baunatal\/wp-json\/wp\/v2\/posts\/3120\/revisions"}],"predecessor-version":[{"id":3133,"href":"http:\/\/gruene-lk-ks.de\/baunatal\/wp-json\/wp\/v2\/posts\/3120\/revisions\/3133"}],"wp:featuredmedia":[{"embeddable":true,"href":"http:\/\/gruene-lk-ks.de\/baunatal\/wp-json\/wp\/v2\/media\/3121"}],"wp:attachment":[{"href":"http:\/\/gruene-lk-ks.de\/baunatal\/wp-json\/wp\/v2\/media?parent=3120"}],"wp:term":[{"taxonomy":"category","embeddable":true,"href":"http:\/\/gruene-lk-ks.de\/baunatal\/wp-json\/wp\/v2\/categories?post=3120"},{"taxonomy":"post_tag","embeddable":true,"href":"http:\/\/gruene-lk-ks.de\/baunatal\/wp-json\/wp\/v2\/tags?post=3120"}],"curies":[{"name":"wp","href":"https:\/\/api.w.org\/{rel}","templated":true}]}}