{"id":3126,"date":"2022-04-13T16:27:00","date_gmt":"2022-04-13T14:27:00","guid":{"rendered":"http:\/\/gruene-lk-ks.de\/baunatal\/?p=3126"},"modified":"2022-04-14T16:42:51","modified_gmt":"2022-04-14T14:42:51","slug":"gruene-interkommunale-zusammenarbeit-baunatal-schauenburg","status":"publish","type":"post","link":"http:\/\/gruene-lk-ks.de\/baunatal\/gruene-interkommunale-zusammenarbeit-baunatal-schauenburg\/","title":{"rendered":"GR\u00dcNE Interkommunale Zusammenarbeit Baunatal\/Schauenburg"},"content":{"rendered":"\n<p>Neue Wege gehen die GR\u00dcNEN Fraktionen aus Baunatal und Schauenburg. Auf Einladung der GR\u00dcNEN Baunatal trafen sich im April 10 Mandatstr\u00e4ger*innen aus beiden Gemeindevertretungen in der Alten Schule, um interkommunale Themen zu Wohnen, Verkehr und regenerativen Energien erstmalig gemeinsam zu beraten. Im Zentrum standen dabei Planungen von Baugebieten in Elgershausen-S\u00fcd in Richtung Gro\u00dfenritte und auf Baunataler Seite. In diesem Kontext steht ebenso die j\u00fcngste Debatte aus dem Kreistag und der Baunataler Stadtverordnetenversammlung einer verbesserten Verkehrsanbindung \u00fcber die Verl\u00e4ngerung der Stra\u00dfenbahnlinien 2 und 5 in Richtung Schauenburg. Ebenso wurden Vorgaben aus dem Zweckverband Raum Kassel (ZRK) diskutiert, welche Art von Bebauung zukunftsweisend ist. Wieviel Wohneinheiten pro ha sind sinnvoll bzw. zukunftsweisend: die Mindestvorgabe 35 WE\/ha oder besser 50 WE\/ha? Welche energiepolitischen Standards m\u00fcssen in Zukunft in Neubaugebieten erreicht werden, gerade in Anbetracht der aktuellen Debatte zur Zukunft der deutschen Energiepolitik? Wie hoch darf Fl\u00e4chenverbrauch und -versiegelung pro Jahr und Kommune sein, meist wertvolle Agrarfl\u00e4chen, bei der Ausweisung neuer Baugebiete? Welche Infrastruktur muss dabei mitgedacht werden bei Kita-Angeboten und Schulpl\u00e4tzen?<\/p>\n\n\n\n<p>Logische Konsequenz f\u00fcr die GR\u00dcNEN Baunatal: eher weniger und nachhaltiger, d.h. <strong>zumindest <u>eine<\/u> \u00f6kologische Muster-Null-Energiesiedlung<\/strong>. Vorgaben durch den ZRK sind bereits bei Planung und jetzt bevorstehender Umsetzung des Neubaugebiets Vellmar-Nord festgeschrieben worden. Aus Reihen der Schauenburger GR\u00dcNEN Fraktion gibt es die Frage:&nbsp; Sollen eher reine Wohngebiete oder kleinere Gewerbemischgebiete geplant werden? Dabei muss auch die L\u00e4rmbel\u00e4stigung mitgedacht werden, ebenso wie bei der Verkehrspolitik.<\/p>\n\n\n\n<p>Die n\u00e4chsten Schritte in der Zusammenarbeit zwischen beiden Kommunen: Den ZRK fr\u00fchzeitig einbinden, um interkommunale Projekte&nbsp; bei der Siedlungsentwicklung zu f\u00f6rdern. Verkehrsplanung ist f\u00fcr die GR\u00dcNEN Schauenburg der erste Schritt, der mit Baunatal abgestimmt werden sollte. Diskutiert werden k\u00f6nnte auch, ob&nbsp; ein &nbsp;eigener Zweckverband zwischen Baunatal und Schauenburg Sinn macht bei der Entwicklung von Baugebieten in beiden Kommunen, \u00e4hnlich wie dies beim Abwasserzweckverband bereits existent ist? Dann k\u00f6nnten Baugebiete gemeinsam entwickelt werden, was Infrastruktur, Nahversorgung, Energieversorgung, etc. angeht. Mitgedacht werden sollte die Verbindlichkeit f\u00fcr eine PV-Nutzung, um die kontinuierlich steigenden Stromkosten f\u00fcr Hausbesitzer*innen und Mieter*innen in den Griff zu bekommen. Ein immer wiederkehrender Problembereich ist die&nbsp; Kontrolle bei den Auflagen in B-Pl\u00e4nen durch die Kommunen oder die Bauaufsicht beim Landkreis. Dies geschieht leider in den seltensten F\u00e4llen, nachdem die H\u00e4user fertiggestellt wurden.<\/p>\n\n\n\n<p><strong>Hans-J\u00fcrgen Heinemann <\/strong>f\u00fcr die Schauenburger und der Baunataler GR\u00dcNE Fraktionsvorsitzende <strong>Edmund Borschel <\/strong>zeigten sich zufrieden von den Ergebnissen des Gespr\u00e4chs. Daher ist geplant, sich regelm\u00e4\u00dfiger zu treffen und nicht nur \u00fcber Baugebiete auszutauschen. Dann liegen sicher schon konkretere Ausf\u00fchrungsbestimmungen u.a. beim Ausbau der Regenerativen (Solar, Wind, Erdw\u00e4rme, Biomasse) und bei der F\u00f6rderung von PV-Anlagen oder der Heizungsumstellung im sog. \u201cOsterpaket\u201c von Minister Habeck aus dem Umwelt- und Wirtschaftsministerium vor.<\/p>\n","protected":false},"excerpt":{"rendered":"<p>Neue Wege gehen die GR\u00dcNEN Fraktionen aus Baunatal und Schauenburg. Auf Einladung der GR\u00dcNEN Baunatal trafen sich im April 10 Mandatstr\u00e4ger*innen aus beiden Gemeindevertretungen in der Alten Schule, um interkommunale&#8230; <\/p>\n","protected":false},"author":20,"featured_media":3127,"comment_status":"closed","ping_status":"open","sticky":false,"template":"","format":"standard","meta":{"ngg_post_thumbnail":0},"categories":[1],"tags":[],"_links":{"self":[{"href":"http:\/\/gruene-lk-ks.de\/baunatal\/wp-json\/wp\/v2\/posts\/3126"}],"collection":[{"href":"http:\/\/gruene-lk-ks.de\/baunatal\/wp-json\/wp\/v2\/posts"}],"about":[{"href":"http:\/\/gruene-lk-ks.de\/baunatal\/wp-json\/wp\/v2\/types\/post"}],"author":[{"embeddable":true,"href":"http:\/\/gruene-lk-ks.de\/baunatal\/wp-json\/wp\/v2\/users\/20"}],"replies":[{"embeddable":true,"href":"http:\/\/gruene-lk-ks.de\/baunatal\/wp-json\/wp\/v2\/comments?post=3126"}],"version-history":[{"count":1,"href":"http:\/\/gruene-lk-ks.de\/baunatal\/wp-json\/wp\/v2\/posts\/3126\/revisions"}],"predecessor-version":[{"id":3128,"href":"http:\/\/gruene-lk-ks.de\/baunatal\/wp-json\/wp\/v2\/posts\/3126\/revisions\/3128"}],"wp:featuredmedia":[{"embeddable":true,"href":"http:\/\/gruene-lk-ks.de\/baunatal\/wp-json\/wp\/v2\/media\/3127"}],"wp:attachment":[{"href":"http:\/\/gruene-lk-ks.de\/baunatal\/wp-json\/wp\/v2\/media?parent=3126"}],"wp:term":[{"taxonomy":"category","embeddable":true,"href":"http:\/\/gruene-lk-ks.de\/baunatal\/wp-json\/wp\/v2\/categories?post=3126"},{"taxonomy":"post_tag","embeddable":true,"href":"http:\/\/gruene-lk-ks.de\/baunatal\/wp-json\/wp\/v2\/tags?post=3126"}],"curies":[{"name":"wp","href":"https:\/\/api.w.org\/{rel}","templated":true}]}}