{"id":3135,"date":"2022-05-20T11:54:35","date_gmt":"2022-05-20T09:54:35","guid":{"rendered":"http:\/\/gruene-lk-ks.de\/baunatal\/?p=3135"},"modified":"2022-05-20T11:54:35","modified_gmt":"2022-05-20T09:54:35","slug":"einladung-zum-ersten-gruenen-stammtisch-mit-bundestagsabgeordneten","status":"publish","type":"post","link":"http:\/\/gruene-lk-ks.de\/baunatal\/einladung-zum-ersten-gruenen-stammtisch-mit-bundestagsabgeordneten\/","title":{"rendered":"Einladung zum ersten \u201cGR\u00dcNEN Stammtisch\u201c mit Bundestagsabgeordneten"},"content":{"rendered":"\n<p>Weiteres Neuland betreten die GR\u00dcNEN Schauenburg mit ihrem ersten \u00f6ffentlichen &#8220;Gr\u00fcnen Stammtisch&#8221; in Kooperation mit den GR\u00dcNEN Baunatal. Eingeladen sind damit auch Interessierte aus unserer Kommune. Besonderer Gast an diesem Abend ist einer der regionalen GR\u00dcNEN Bundestagsabgeordneten <strong>Boris Mijatovi\u0107 <\/strong>(Kassel). Wer also mehr \u00fcber bundespolitische Themen aus erster Hand erfahren m\u00f6chte, ist herzlich eingeladen am <strong>Mittwoch den 25. Mai 2022 um 19 Uhr in das Gasthaus &#8220;Himmel&#8221;<\/strong> nach Schauenburg-Hoof, Korbacher Str. 397 zu kommen. Aber nat\u00fcrlich k\u00f6nnen auch lokale und regionale Anliegen besprochen werden. Zur besseren Planung bittet der neue Fraktionsvorsitzende <strong>Hans-J\u00fcrgen Heinemann<\/strong> um vorige Anmeldung an die bekannte Mailadresse: info@gruene-schauenburg.de.<\/p>\n\n\n\n<p>Das Treffen findet nach den g\u00fcltigen Hygienevorgaben statt.<\/p>\n","protected":false},"excerpt":{"rendered":"<p>Weiteres Neuland betreten die GR\u00dcNEN Schauenburg mit ihrem ersten \u00f6ffentlichen &#8220;Gr\u00fcnen Stammtisch&#8221; in Kooperation mit den GR\u00dcNEN Baunatal. Eingeladen sind damit auch Interessierte aus unserer Kommune. Besonderer Gast an diesem&#8230; <\/p>\n","protected":false},"author":20,"featured_media":3136,"comment_status":"closed","ping_status":"open","sticky":false,"template":"","format":"standard","meta":{"ngg_post_thumbnail":0},"categories":[1],"tags":[],"_links":{"self":[{"href":"http:\/\/gruene-lk-ks.de\/baunatal\/wp-json\/wp\/v2\/posts\/3135"}],"collection":[{"href":"http:\/\/gruene-lk-ks.de\/baunatal\/wp-json\/wp\/v2\/posts"}],"about":[{"href":"http:\/\/gruene-lk-ks.de\/baunatal\/wp-json\/wp\/v2\/types\/post"}],"author":[{"embeddable":true,"href":"http:\/\/gruene-lk-ks.de\/baunatal\/wp-json\/wp\/v2\/users\/20"}],"replies":[{"embeddable":true,"href":"http:\/\/gruene-lk-ks.de\/baunatal\/wp-json\/wp\/v2\/comments?post=3135"}],"version-history":[{"count":1,"href":"http:\/\/gruene-lk-ks.de\/baunatal\/wp-json\/wp\/v2\/posts\/3135\/revisions"}],"predecessor-version":[{"id":3137,"href":"http:\/\/gruene-lk-ks.de\/baunatal\/wp-json\/wp\/v2\/posts\/3135\/revisions\/3137"}],"wp:featuredmedia":[{"embeddable":true,"href":"http:\/\/gruene-lk-ks.de\/baunatal\/wp-json\/wp\/v2\/media\/3136"}],"wp:attachment":[{"href":"http:\/\/gruene-lk-ks.de\/baunatal\/wp-json\/wp\/v2\/media?parent=3135"}],"wp:term":[{"taxonomy":"category","embeddable":true,"href":"http:\/\/gruene-lk-ks.de\/baunatal\/wp-json\/wp\/v2\/categories?post=3135"},{"taxonomy":"post_tag","embeddable":true,"href":"http:\/\/gruene-lk-ks.de\/baunatal\/wp-json\/wp\/v2\/tags?post=3135"}],"curies":[{"name":"wp","href":"https:\/\/api.w.org\/{rel}","templated":true}]}}